{"id":654,"date":"2021-09-21T16:37:02","date_gmt":"2021-09-21T14:37:02","guid":{"rendered":"https:\/\/www.laboutiquedudos.com\/blog\/?p=654"},"modified":"2022-09-13T15:08:40","modified_gmt":"2022-09-13T13:08:40","slug":"mal-de-dos-au-bureau","status":"publish","type":"post","link":"https:\/\/www.laboutiquedudos.com\/blog\/le-mal-de-dos-au-travail\/mal-de-dos-au-bureau\/","title":{"rendered":"Mal de dos au travail"},"content":{"rendered":"<p>&nbsp;<\/p>\n<p><span style=\"font-weight: 400;\">Depuis des d\u00e9cennies, les troubles musculosquelettiques, et plus particuli\u00e8rement <\/span><b>les maux de dos<\/b><span style=\"font-weight: 400;\">, sont la principale cause d&rsquo;absent\u00e9isme pour motif de maladie dans les entreprises, repr\u00e9sentant ainsi jusqu&rsquo;\u00e0 un quart des journ\u00e9es de <\/span><b>travail<\/b><span style=\"font-weight: 400;\"> perdues.\u00a0<\/span><\/p>\n<p><b>Le mal de dos<\/b><span style=\"font-weight: 400;\"> est un probl\u00e8me courant que la plupart des gens connaissent \u00e0 un moment ou \u00e0 un autre de leur vie, bien qu&rsquo;\u00e0 des degr\u00e9s div<\/span><span style=\"font-weight: 400;\">ers. Les douleurs l\u00e9g\u00e8res occasionnelles permettent g\u00e9n\u00e9ralement un r\u00e9tablissement complet, mais la plupart des personnes qui souffrent d\u2019un <\/span><b>mal en bas du dos<\/b><span style=\"font-weight: 400;\"> limitant leur activit\u00e9 ont des douleurs r\u00e9currentes.<\/span><\/p>\n<p><span style=\"font-weight: 400;\">La principale cause des <\/span><b>lombalgies chroniques<\/b><span style=\"font-weight: 400;\"> revient au fait de rester assis pendant de longue dur\u00e9e. Cette posture statique adopt\u00e9e lorsqu\u2019une personne est assise sur une <\/span><b>chaise de bureau<\/b><span style=\"font-weight: 400;\"> ou en augmente le stress et la contraction des muscles du dos, des \u00e9paules, des bras et des jambes, et en particulier, qui peut ajouter u<\/span><\/p>\n<p><span style=\"font-weight: 400;\">ne grande quantit\u00e9 de pression sur les muscles du dos et les disques vert\u00e9braux.<\/span><\/p>\n<p><span style=\"font-weight: 400;\">Apr\u00e8s une dur\u00e9e consid\u00e9rable de tenue assis sur une <\/span><b>chaise de bureau<\/b><span style=\"font-weight: 400;\">, la tendance naturelle de la plupart des gens est de s&rsquo;affaler ou de s&rsquo;allonger sur la chaise, et cette posture entra\u00eene \u00e9ventuellement une surtension des ligaments de la colonne vert\u00e9brale et une tension sur les disques et les structures environnantes de la colonne. Au fil du temps, une mauvaise posture assise peut endommager les structures vert\u00e9brales et accentue le <\/span><b>mal de dos lombaire.<\/b><\/p>\n<h2><b>Les r\u00e9percussions du mal de dos sur le bien-\u00eatre au travail :\u00a0<\/b><\/h2>\n<h2><a href=\"https:\/\/www.laboutiquedudos.com\/\"><img loading=\"lazy\" decoding=\"async\" class=\"wp-image-655 aligncenter\" src=\"https:\/\/www.laboutiquedudos.com\/blog\/wp-content\/uploads\/2021\/09\/MAl-de-dos-e1632214052248-300x245.jpg\" alt=\"Un homme souffrant des maux de dos au travail\" width=\"468\" height=\"383\" srcset=\"https:\/\/www.laboutiquedudos.com\/blog\/wp-content\/uploads\/2021\/09\/MAl-de-dos-e1632214052248-300x245.jpg 300w, https:\/\/www.laboutiquedudos.com\/blog\/wp-content\/uploads\/2021\/09\/MAl-de-dos-e1632214052248-640x522.jpg 640w, https:\/\/www.laboutiquedudos.com\/blog\/wp-content\/uploads\/2021\/09\/MAl-de-dos-e1632214052248.jpg 705w\" sizes=\"auto, (max-width: 468px) 100vw, 468px\" \/><\/a><\/h2>\n<h2><\/h2>\n<h3><b>Le mal de dos est la principale cause de manque de productivit\u00e9 au travail.<\/b><\/h3>\n<p><b>Douleur grand dorsal, lombalgie aigu\u00eb et la douleur vert\u00e8bre dorsale <\/b><span style=\"font-weight: 400;\">peuvent entra\u00eener bien plus que quelques jours d&rsquo;absence au <\/span><b>travail<\/b><span style=\"font-weight: 400;\">. Il s&rsquo;agit de la principale cause d&rsquo;inefficacit\u00e9 des collaborateurs dans leur travail. Les demandes de cong\u00e9s li\u00e9es aux <\/span><b>maux de dos<\/b><span style=\"font-weight: 400;\"> repr\u00e9sentent un facteur de co\u00fbt important pour les employeurs &#8211; le co\u00fbt moyen d&rsquo;une demande de cong\u00e9 \u00e0 long terme pour des <\/span><b>maux de dos<\/b><span style=\"font-weight: 400;\"> est de 35 000 dollars par demande active, par an.<\/span><\/p>\n<h3><b>Les maux de dos r\u00e9duisent la productivit\u00e9 au travail.<\/b><\/h3>\n<p><span style=\"font-weight: 400;\">Si l&rsquo;absent\u00e9isme chronique (jours de travail manqu\u00e9s) est g\u00e9n\u00e9ralement plus visible, cependant, le pr\u00e9sent\u00e9isme, peut-\u00eatre plus dommageable pour la <\/span><b>productivit\u00e9<\/b><span style=\"font-weight: 400;\">. Le pr\u00e9sent\u00e9isme signifie que les employ\u00e9s viennent au travail alors qu&rsquo;ils ne se sentent pas bien, et sont distraits par les sympt\u00f4mes de leurs maux et par leur <\/span><b>malaise au travail<\/b><span style=\"font-weight: 400;\">.\u00a0<\/span><\/p>\n<p><span style=\"font-weight: 400;\">Dans une enqu\u00eate sur les causes les plus importantes de pr\u00e9sent\u00e9isme sur le lieu de travail<\/span><b>, les maux de dos<\/b><span style=\"font-weight: 400;\"> chroniques sont arriv\u00e9s en t\u00eate, contribuant \u00e0 une perte de 16,7 minutes par jour de travail en raison de la douleur. Cela repr\u00e9sente une perte de travail de 1,21 million de dollars pour l&rsquo;entreprise en question.<\/span><\/p>\n<h3><b>La douleur entrave la bonne prise de d\u00e9cision\u00a0<\/b><\/h3>\n<p><span style=\"font-weight: 400;\">Les enqu\u00eates pr\u00e9c\u00e9demment men\u00e9es sugg\u00e8rent que la <\/span><b>douleur dorsale<\/b><span style=\"font-weight: 400;\"> rend plus difficile l&rsquo;adaptation \u00e0 des environnements changeants. Il est donc plus difficile de prendre des d\u00e9cisions rapidement ou de proc\u00e9der de mani\u00e8re proactive.<\/span><\/p>\n<h3><b>La douleur diminue la motivation\u00a0<\/b><\/h3>\n<p><span style=\"font-weight: 400;\">Dans une \u00e9tude de Stanford, les souris souffrant d\u2019une <\/span><b>lombalgie aigu\u00eb<\/b><span style=\"font-weight: 400;\"> \u00e9taient moins enclines \u00e0 travailler pour obtenir une r\u00e9compense que les souris qui ne souffraient pas. La douleur continue peut rendre de plus en plus difficile le fait de se sentir positif ou optimiste quant \u00e0 l&rsquo;avenir, ce qui rend plus difficile le fait de <\/span><b>travailler<\/b><span style=\"font-weight: 400;\"> pour obtenir quelque chose.<\/span><\/p>\n<h3><b>La douleur peut conduire \u00e0 une chirurgie invasive et inefficace.<\/b><\/h3>\n<p><span style=\"font-weight: 400;\">Dans une \u00e9tude portant sur le suivi de patients ayant subi une fusion vert\u00e9brale, 87 % d&rsquo;entre eux souffraient encore deux ans apr\u00e8s l&rsquo;op\u00e9ration, et 15 % ont d\u00fb subir une nouvelle <\/span><span style=\"font-weight: 400;\">intervention. La chirurgie repr\u00e9sente \u00e9galement un pourcentage important des d\u00e9penses de sant\u00e9 li\u00e9es au <\/span><b>mal de dos.<\/b><\/p>\n<h3><b>Les personnes souffrant de douleurs dorment moins\u00a0<\/b><\/h3>\n<p><img loading=\"lazy\" decoding=\"async\" class=\"wp-image-662 aligncenter\" src=\"https:\/\/www.laboutiquedudos.com\/blog\/wp-content\/uploads\/2021\/09\/Insomnie-a-cause-du-mal-de-dos-300x150.jpg\" alt=\"Insomnie a cause du ma de dos\" width=\"446\" height=\"223\" srcset=\"https:\/\/www.laboutiquedudos.com\/blog\/wp-content\/uploads\/2021\/09\/Insomnie-a-cause-du-mal-de-dos-300x150.jpg 300w, https:\/\/www.laboutiquedudos.com\/blog\/wp-content\/uploads\/2021\/09\/Insomnie-a-cause-du-mal-de-dos-768x384.jpg 768w, https:\/\/www.laboutiquedudos.com\/blog\/wp-content\/uploads\/2021\/09\/Insomnie-a-cause-du-mal-de-dos-640x320.jpg 640w, https:\/\/www.laboutiquedudos.com\/blog\/wp-content\/uploads\/2021\/09\/Insomnie-a-cause-du-mal-de-dos.jpg 987w\" sizes=\"auto, (max-width: 446px) 100vw, 446px\" \/><\/p>\n<p><span style=\"font-weight: 400;\">Les personnes qui souffrent d\u2019une <\/span><b>lombalgie chronique<\/b><span style=\"font-weight: 400;\"> ont un d\u00e9ficit de sommeil moyen de 42 minutes. La perte de sommeil affaiblit le syst\u00e8me immunitaire et permet d&rsquo;attraper plus facilement un rhume, une grippe ou d&rsquo;autres virus. Plus de deux fois plus de personnes souffrant de <\/span><b>douleurs dorsales<\/b><span style=\"font-weight: 400;\"> d\u00e9clarent que les probl\u00e8mes de sommeil interf\u00e8rent avec leur <\/span><b>travail,<\/b><span style=\"font-weight: 400;\"> par rapport aux personnes non expos\u00e9es \u00e0 <\/span><b>la douleur<\/b><span style=\"font-weight: 400;\">.<\/span><\/p>\n<h3><b>La douleur chronique est li\u00e9e \u00e0 la d\u00e9pression<\/b><\/h3>\n<p><span style=\"font-weight: 400;\">La d\u00e9pression majeure est quatre fois plus fr\u00e9quente chez les personnes souffrant de <\/span><b>douleurs chroniques <\/b><span style=\"font-weight: 400;\">au dos. <\/span><b>Le mal de dos<\/b><span style=\"font-weight: 400;\"> chronique peut amener les personnes qui en souffrent \u00e0 rester plus souvent \u00e0 la maison, ce qui limite leur activit\u00e9 physique et leur vie sociale. <\/span><b>La douleur<\/b><span style=\"font-weight: 400;\"> \u00e0 long terme peut \u00e9galement conduire les personnes \u00e0 se sentir d\u00e9sesp\u00e9r\u00e9es par leur \u00e9tat ou impuissantes face \u00e0 leur <\/span><b>douleur.<\/b><\/p>\n<h3><b>Les maux de dos affectent les relations interpersonnelles\u00a0<\/b><\/h3>\n<p><span style=\"font-weight: 400;\">Une personne qui a mal<\/span><b> au bas du dos<\/b><span style=\"font-weight: 400;\"> n\u2019entretient pas forc\u00e9ment de bonnes relations avec ses coll\u00e8gues au travail. Pr\u00e9occup\u00e9e par <\/span><b>ses douleurs<\/b><span style=\"font-weight: 400;\">, elle n\u2019est pas d\u2019humeur pour \u00e9changer et nouer de solides relations. Les recherches montrent que les <\/span><b>maux de dos <\/b><span style=\"font-weight: 400;\">ont le plus grand impact sur la qualit\u00e9 de vie lorsqu&rsquo;ils affectent n\u00e9gativement les relations sociales.<\/span><\/p>\n<h3><b>La lombalgie chronique a un impact n\u00e9gatif sur la qualit\u00e9 de vie globale<\/b><\/h3>\n<p><span style=\"font-weight: 400;\">Des \u00e9tudes montrent que la <\/span><b>lombalgie aigu\u00eb<\/b><span style=\"font-weight: 400;\"> peut rendre plus difficile le sommeil, l&rsquo;exercice, les relations et la concentration au <\/span><b>travail.<\/b><span style=\"font-weight: 400;\"> En d&rsquo;autres termes, <\/span><b>la douleur <\/b><span style=\"font-weight: 400;\">s\u2019immisce dans tous les aspects de la vie et est associ\u00e9e \u00e0 une moindre qualit\u00e9 de vie globale.<\/span><\/p>\n<p>&nbsp;<\/p>\n<h2><b>Mal de dos que faire :<\/b><\/h2>\n<p><a href=\"https:\/\/www.laboutiquedudos.com\/\"><img loading=\"lazy\" decoding=\"async\" class=\"wp-image-656 aligncenter\" src=\"https:\/\/www.laboutiquedudos.com\/blog\/wp-content\/uploads\/2021\/09\/ergonomie-silhouette-d-une-position-assise-correcte-et-incorrecte-de-femme-a-l-aide-un-ordinateur-131578049-300x200.jpg\" alt=\"corriger votre position au bureau pour \u00e9viter le mal de dos \" width=\"501\" height=\"334\" srcset=\"https:\/\/www.laboutiquedudos.com\/blog\/wp-content\/uploads\/2021\/09\/ergonomie-silhouette-d-une-position-assise-correcte-et-incorrecte-de-femme-a-l-aide-un-ordinateur-131578049-300x200.jpg 300w, https:\/\/www.laboutiquedudos.com\/blog\/wp-content\/uploads\/2021\/09\/ergonomie-silhouette-d-une-position-assise-correcte-et-incorrecte-de-femme-a-l-aide-un-ordinateur-131578049-768x512.jpg 768w, https:\/\/www.laboutiquedudos.com\/blog\/wp-content\/uploads\/2021\/09\/ergonomie-silhouette-d-une-position-assise-correcte-et-incorrecte-de-femme-a-l-aide-un-ordinateur-131578049-640x426.jpg 640w, https:\/\/www.laboutiquedudos.com\/blog\/wp-content\/uploads\/2021\/09\/ergonomie-silhouette-d-une-position-assise-correcte-et-incorrecte-de-femme-a-l-aide-un-ordinateur-131578049-600x400.jpg 600w, https:\/\/www.laboutiquedudos.com\/blog\/wp-content\/uploads\/2021\/09\/ergonomie-silhouette-d-une-position-assise-correcte-et-incorrecte-de-femme-a-l-aide-un-ordinateur-131578049.jpg 800w\" sizes=\"auto, (max-width: 501px) 100vw, 501px\" \/><\/a><\/p>\n<h3><b>Personnalisez votre si\u00e8ge et votre bureau ergonomiques :<\/b><\/h3>\n<p><span style=\"font-weight: 400;\">1) Soutenez la courbe naturelle de la colonne vert\u00e9brale.<\/span><b> Les chaises de bureau<\/b><span style=\"font-weight: 400;\"> doivent \u00eatre dot\u00e9es d&rsquo;un <\/span><a href=\"https:\/\/www.laboutiquedudos.com\/home\/1394-coussin-de-soutien-lombaires-sissel-back.html?search_query=soutien+lombaire&amp;results=159\"><b>soutien lombaire<\/b><\/a><span style=\"font-weight: 400;\">, une courbe naturelle vers l&rsquo;avant au niveau du nombril. Vous pouvez \u00e9galement placer un<\/span> <a href=\"https:\/\/www.laboutiquedudos.com\/15-oreiller-ergonomique-anatomique\"><b>oreiller ergonomique<\/b><\/a><span style=\"font-weight: 400;\"> ou une serviette enroul\u00e9e derri\u00e8re votre dos pour obtenir cet effet.<\/span><\/p>\n<p><span style=\"font-weight: 400;\">2) La hauteur de votre<\/span><b> si\u00e8ge de bureau <\/b><span style=\"font-weight: 400;\">doit \u00eatre r\u00e9gl\u00e9e d\u2019une fa\u00e7on qui permet de garder les pieds \u00e0 plat sur le sol et les genoux \u00e0 un angle de 90-100 degr\u00e9s. Vous pouvez \u00e9galement poser vos pieds sur un support, comme un<\/span><a href=\"https:\/\/www.laboutiquedudos.com\/76-repose-pieds\"><b> repose pied<\/b><\/a> <span style=\"font-weight: 400;\">si votre poste de travail est trop haut.<\/span><\/p>\n<p><span style=\"font-weight: 400;\">3) R\u00e9gler les accoudoirs de votre <\/span><b>si\u00e8ge ergonomique<\/b><span style=\"font-weight: 400;\"> pour que vos bras soient soutenus sans sur\u00e9lever vos \u00e9paules. Cela vous encourage \u00e0 maintenir vos \u00e9paules basses, ce que le haut de votre dos appr\u00e9ciera.<\/span><\/p>\n<p><span style=\"font-weight: 400;\">4) Mettez votre \u00e9cran \u00e0 une distance d&rsquo;environ un bras et \u00e0 hauteur des yeux ou l\u00e9g\u00e8rement en dessous. Cela vous permettra de vous asseoir en arri\u00e8re, au lieu de vous pencher en avant et de forcer sur votre cou. Si vous vous retrouvez \u00e0 plisser les yeux devant votre \u00e9cran, r\u00e9glez l&rsquo;\u00e9clairage pour r\u00e9duire la pression sur les yeux.<\/span><\/p>\n<h3><b>Optimisez vos appels t\u00e9l\u00e9phoniques :<\/b><\/h3>\n<p><span style=\"font-weight: 400;\">Plusieurs personnes mettent leur t\u00e9l\u00e9phone entre la t\u00eate et les \u00e9paules pour avoir les mains libres pendant qu&rsquo;elles parlent, ce qui engendre une <\/span><b>douleur chronique<\/b><span style=\"font-weight: 400;\"> au niveau du cou et des \u00e9paules.<\/span><\/p>\n<p><span style=\"font-weight: 400;\">Les alternatives suivantes peuvent vous aider \u00e0 \u00e9viter ces douleurs :<\/span><\/p>\n<p><span style=\"font-weight: 400;\">1) Utilisez un casque ou le haut-parleur si votre conversation dure plus de 5 minutes ou si vous devez prendre des notes pendant l&rsquo;appel.<\/span><\/p>\n<p><span style=\"font-weight: 400;\">2) Tenez le t\u00e9l\u00e9phone dans votre main et alternez entre votre droite et gauche tout au long de la conversation.<\/span><\/p>\n<h3><b>Levez-vous et bougez :<\/b><\/h3>\n<p><span style=\"font-weight: 400;\">Les gens sont incit\u00e9s \u00e0 bouger toutes les 20 minutes tout au long de la journ\u00e9e. Rester assis (ou m\u00eame debout) dans la m\u00eame position pendant une journ\u00e9e de <\/span><b>travail <\/b><span style=\"font-weight: 400;\">de sept heures peut causer des d\u00e9g\u00e2ts sur votre corps.<\/span><\/p>\n<ul>\n<li><span style=\"font-weight: 400;\"> Prenez de courtes pauses, une fois par heure pour aller aux toilettes, prendre un verre d&rsquo;eau, passer \u00e0 la photocopieuse ou simplement vous \u00e9tirez. Rester assis pendant de longues p\u00e9riodes peut affaiblir les <\/span><b>muscles du dos<\/b><span style=\"font-weight: 400;\">. S&rsquo;\u00e9tirer pendant seulement 60 secondes suffit \u00e0 compenser ces effets n\u00e9gatifs de la position assise.<\/span><\/li>\n<li><span style=\"font-weight: 400;\"> Les chercheurs sugg\u00e8rent qu&rsquo;au moins la moiti\u00e9 de vos <\/span><b>heures de travail<\/b><span style=\"font-weight: 400;\"> devraient \u00eatre pass\u00e9es debout. Si vous disposez d&rsquo;un <\/span><a href=\"https:\/\/www.laboutiquedudos.com\/10-bureaux-assis-debout-et-reglables-en-hauteur\"><b>bureau<\/b> <b>assis-debout<\/b><\/a><span style=\"font-weight: 400;\">, alternez entre la position assise et la position debout tout au long de la journ\u00e9e.<\/span><\/li>\n<li><span style=\"font-weight: 400;\"> En renfor\u00e7ant les <\/span><b>muscles du dos <\/b><span style=\"font-weight: 400;\">par des exercices tels que le yoga, les pilates ou les redressements<\/span> <span style=\"font-weight: 400;\">assis, vous faites <\/span><b>travailler<\/b><span style=\"font-weight: 400;\"> votre ceinture abdominale et votre <\/span><b>dos<\/b><span style=\"font-weight: 400;\">, ce qui am\u00e9liore naturellement votre posture et r\u00e9duit le <\/span><b>mal de dos<\/b><\/li>\n<\/ul>\n<p><span style=\"font-weight: 400;\">Finalement nous pouvons aussi vous proposer une solution qui peut \u00eatre un excellent rem\u00e8de \u00e0 vos <\/span><b>maux de dos<\/b><span style=\"font-weight: 400;\"> ne serait-ce que l\u2019un de nos <\/span><a href=\"https:\/\/www.laboutiquedudos.com\/83-marques\"><b>produits<\/b> <b>ergonomiques<\/b><\/a><span style=\"font-weight: 400;\"> qui pourra vous accompagner et r\u00e9conforter tout au long de vos longues journ\u00e9es de <\/span><b>travail<\/b><span style=\"font-weight: 400;\">.<\/span><\/p>\n<p>&nbsp;<\/p>\n<p>&nbsp;<\/p>\n<p><span style=\"font-weight: 400;\">N\u2019h\u00e9sitez pas \u00e0 visiter notre boutique <\/span><a href=\"https:\/\/www.laboutiquedudos.com\/\"><b>LABOUTIQUEDUDOS.COM<\/b><\/a><\/p>\n<p>&nbsp;<\/p>\n","protected":false},"excerpt":{"rendered":"<p>&nbsp; Depuis des d\u00e9cennies, les troubles musculosquelettiques, et plus particuli\u00e8rement les maux de dos, sont la principale cause d&rsquo;absent\u00e9isme pour motif de maladie dans les entreprises, repr\u00e9sentant ainsi jusqu&rsquo;\u00e0 un quart des journ\u00e9es de travail perdues.\u00a0 Le mal de dos est un probl\u00e8me courant que la plupart des gens connaissent \u00e0 un moment ou \u00e0&hellip;<\/p>\n","protected":false},"author":10,"featured_media":660,"comment_status":"closed","ping_status":"open","sticky":false,"template":"","format":"standard","meta":{"_acf_changed":false,"footnotes":""},"categories":[9],"tags":[],"class_list":["post-654","post","type-post","status-publish","format-standard","has-post-thumbnail","hentry","category-le-mal-de-dos-au-travail"],"acf":[],"yoast_head":"<!-- This site is optimized with the Yoast SEO plugin v27.5 - https:\/\/yoast.com\/product\/yoast-seo-wordpress\/ -->\n<title>Mal de dos au travail - La Boutique du dos - Blog<\/title>\n<meta name=\"description\" content=\"Les r\u00e9percussions du mal de dos sur le bien-\u00eatre au travail, \u00e9viter les ces douleurs pour travailler efficacement.\" \/>\n<meta name=\"robots\" content=\"index, follow, max-snippet:-1, max-image-preview:large, max-video-preview:-1\" \/>\n<link rel=\"canonical\" href=\"https:\/\/www.laboutiquedudos.com\/blog\/le-mal-de-dos-au-travail\/mal-de-dos-au-bureau\/\" \/>\n<meta property=\"og:locale\" content=\"fr_FR\" \/>\n<meta property=\"og:type\" content=\"article\" \/>\n<meta property=\"og:title\" content=\"Mal de dos au travail - La Boutique du dos - Blog\" \/>\n<meta property=\"og:description\" content=\"Les r\u00e9percussions du mal de dos sur le bien-\u00eatre au travail, \u00e9viter les ces douleurs pour travailler efficacement.\" \/>\n<meta property=\"og:url\" content=\"https:\/\/www.laboutiquedudos.com\/blog\/le-mal-de-dos-au-travail\/mal-de-dos-au-bureau\/\" \/>\n<meta property=\"og:site_name\" content=\"La Boutique du dos - Blog\" \/>\n<meta property=\"article:published_time\" content=\"2021-09-21T14:37:02+00:00\" \/>\n<meta property=\"article:modified_time\" content=\"2022-09-13T13:08:40+00:00\" \/>\n<meta property=\"og:image\" content=\"https:\/\/www.laboutiquedudos.com\/blog\/wp-content\/uploads\/2021\/09\/Maux-de-dos-au-bureau.jpg\" \/>\n\t<meta property=\"og:image:width\" content=\"759\" \/>\n\t<meta property=\"og:image:height\" content=\"422\" \/>\n\t<meta property=\"og:image:type\" content=\"image\/jpeg\" \/>\n<meta name=\"author\" content=\"Prior\" \/>\n<meta name=\"twitter:card\" content=\"summary_large_image\" \/>\n<meta name=\"twitter:label1\" content=\"\u00c9crit par\" \/>\n\t<meta name=\"twitter:data1\" content=\"Prior\" \/>\n\t<meta name=\"twitter:label2\" content=\"Dur\u00e9e de lecture estim\u00e9e\" \/>\n\t<meta name=\"twitter:data2\" content=\"8 minutes\" \/>\n<script type=\"application\/ld+json\" class=\"yoast-schema-graph\">{\"@context\":\"https:\\\/\\\/schema.org\",\"@graph\":[{\"@type\":\"Article\",\"@id\":\"https:\\\/\\\/www.laboutiquedudos.com\\\/blog\\\/le-mal-de-dos-au-travail\\\/mal-de-dos-au-bureau\\\/#article\",\"isPartOf\":{\"@id\":\"https:\\\/\\\/www.laboutiquedudos.com\\\/blog\\\/le-mal-de-dos-au-travail\\\/mal-de-dos-au-bureau\\\/\"},\"author\":{\"name\":\"Prior\",\"@id\":\"https:\\\/\\\/www.laboutiquedudos.com\\\/blog\\\/#\\\/schema\\\/person\\\/8001c2df8d6684886e124d2b29026ec0\"},\"headline\":\"Mal de dos au travail\",\"datePublished\":\"2021-09-21T14:37:02+00:00\",\"dateModified\":\"2022-09-13T13:08:40+00:00\",\"mainEntityOfPage\":{\"@id\":\"https:\\\/\\\/www.laboutiquedudos.com\\\/blog\\\/le-mal-de-dos-au-travail\\\/mal-de-dos-au-bureau\\\/\"},\"wordCount\":1519,\"image\":{\"@id\":\"https:\\\/\\\/www.laboutiquedudos.com\\\/blog\\\/le-mal-de-dos-au-travail\\\/mal-de-dos-au-bureau\\\/#primaryimage\"},\"thumbnailUrl\":\"https:\\\/\\\/www.laboutiquedudos.com\\\/blog\\\/wp-content\\\/uploads\\\/2021\\\/09\\\/Maux-de-dos-au-bureau.jpg\",\"articleSection\":[\"Le mal de dos au travail\"],\"inLanguage\":\"fr-FR\"},{\"@type\":\"WebPage\",\"@id\":\"https:\\\/\\\/www.laboutiquedudos.com\\\/blog\\\/le-mal-de-dos-au-travail\\\/mal-de-dos-au-bureau\\\/\",\"url\":\"https:\\\/\\\/www.laboutiquedudos.com\\\/blog\\\/le-mal-de-dos-au-travail\\\/mal-de-dos-au-bureau\\\/\",\"name\":\"Mal de dos au travail - La Boutique du dos - Blog\",\"isPartOf\":{\"@id\":\"https:\\\/\\\/www.laboutiquedudos.com\\\/blog\\\/#website\"},\"primaryImageOfPage\":{\"@id\":\"https:\\\/\\\/www.laboutiquedudos.com\\\/blog\\\/le-mal-de-dos-au-travail\\\/mal-de-dos-au-bureau\\\/#primaryimage\"},\"image\":{\"@id\":\"https:\\\/\\\/www.laboutiquedudos.com\\\/blog\\\/le-mal-de-dos-au-travail\\\/mal-de-dos-au-bureau\\\/#primaryimage\"},\"thumbnailUrl\":\"https:\\\/\\\/www.laboutiquedudos.com\\\/blog\\\/wp-content\\\/uploads\\\/2021\\\/09\\\/Maux-de-dos-au-bureau.jpg\",\"datePublished\":\"2021-09-21T14:37:02+00:00\",\"dateModified\":\"2022-09-13T13:08:40+00:00\",\"author\":{\"@id\":\"https:\\\/\\\/www.laboutiquedudos.com\\\/blog\\\/#\\\/schema\\\/person\\\/8001c2df8d6684886e124d2b29026ec0\"},\"description\":\"Les r\u00e9percussions du mal de dos sur le bien-\u00eatre au travail, \u00e9viter les ces douleurs pour travailler efficacement.\",\"breadcrumb\":{\"@id\":\"https:\\\/\\\/www.laboutiquedudos.com\\\/blog\\\/le-mal-de-dos-au-travail\\\/mal-de-dos-au-bureau\\\/#breadcrumb\"},\"inLanguage\":\"fr-FR\",\"potentialAction\":[{\"@type\":\"ReadAction\",\"target\":[\"https:\\\/\\\/www.laboutiquedudos.com\\\/blog\\\/le-mal-de-dos-au-travail\\\/mal-de-dos-au-bureau\\\/\"]}]},{\"@type\":\"ImageObject\",\"inLanguage\":\"fr-FR\",\"@id\":\"https:\\\/\\\/www.laboutiquedudos.com\\\/blog\\\/le-mal-de-dos-au-travail\\\/mal-de-dos-au-bureau\\\/#primaryimage\",\"url\":\"https:\\\/\\\/www.laboutiquedudos.com\\\/blog\\\/wp-content\\\/uploads\\\/2021\\\/09\\\/Maux-de-dos-au-bureau.jpg\",\"contentUrl\":\"https:\\\/\\\/www.laboutiquedudos.com\\\/blog\\\/wp-content\\\/uploads\\\/2021\\\/09\\\/Maux-de-dos-au-bureau.jpg\",\"width\":759,\"height\":422,\"caption\":\"Une femme souffrant des maux de dos au bureau\"},{\"@type\":\"BreadcrumbList\",\"@id\":\"https:\\\/\\\/www.laboutiquedudos.com\\\/blog\\\/le-mal-de-dos-au-travail\\\/mal-de-dos-au-bureau\\\/#breadcrumb\",\"itemListElement\":[{\"@type\":\"ListItem\",\"position\":1,\"name\":\"Accueil\",\"item\":\"https:\\\/\\\/www.laboutiquedudos.com\\\/blog\\\/\"},{\"@type\":\"ListItem\",\"position\":2,\"name\":\"Mal de dos au travail\"}]},{\"@type\":\"WebSite\",\"@id\":\"https:\\\/\\\/www.laboutiquedudos.com\\\/blog\\\/#website\",\"url\":\"https:\\\/\\\/www.laboutiquedudos.com\\\/blog\\\/\",\"name\":\"La Boutique du dos - Blog\",\"description\":\"\",\"potentialAction\":[{\"@type\":\"SearchAction\",\"target\":{\"@type\":\"EntryPoint\",\"urlTemplate\":\"https:\\\/\\\/www.laboutiquedudos.com\\\/blog\\\/?s={search_term_string}\"},\"query-input\":{\"@type\":\"PropertyValueSpecification\",\"valueRequired\":true,\"valueName\":\"search_term_string\"}}],\"inLanguage\":\"fr-FR\"},{\"@type\":\"Person\",\"@id\":\"https:\\\/\\\/www.laboutiquedudos.com\\\/blog\\\/#\\\/schema\\\/person\\\/8001c2df8d6684886e124d2b29026ec0\",\"name\":\"Prior\",\"image\":{\"@type\":\"ImageObject\",\"inLanguage\":\"fr-FR\",\"@id\":\"https:\\\/\\\/secure.gravatar.com\\\/avatar\\\/8c33b3059a6a81dd8353e783e040916608a2c549f752616ecbd20ad16fab153c?s=96&d=mm&r=g\",\"url\":\"https:\\\/\\\/secure.gravatar.com\\\/avatar\\\/8c33b3059a6a81dd8353e783e040916608a2c549f752616ecbd20ad16fab153c?s=96&d=mm&r=g\",\"contentUrl\":\"https:\\\/\\\/secure.gravatar.com\\\/avatar\\\/8c33b3059a6a81dd8353e783e040916608a2c549f752616ecbd20ad16fab153c?s=96&d=mm&r=g\",\"caption\":\"Prior\"},\"url\":\"https:\\\/\\\/www.laboutiquedudos.com\\\/blog\\\/author\\\/prior\\\/\"}]}<\/script>\n<!-- \/ Yoast SEO plugin. -->","yoast_head_json":{"title":"Mal de dos au travail - La Boutique du dos - Blog","description":"Les r\u00e9percussions du mal de dos sur le bien-\u00eatre au travail, \u00e9viter les ces douleurs pour travailler efficacement.","robots":{"index":"index","follow":"follow","max-snippet":"max-snippet:-1","max-image-preview":"max-image-preview:large","max-video-preview":"max-video-preview:-1"},"canonical":"https:\/\/www.laboutiquedudos.com\/blog\/le-mal-de-dos-au-travail\/mal-de-dos-au-bureau\/","og_locale":"fr_FR","og_type":"article","og_title":"Mal de dos au travail - La Boutique du dos - Blog","og_description":"Les r\u00e9percussions du mal de dos sur le bien-\u00eatre au travail, \u00e9viter les ces douleurs pour travailler efficacement.","og_url":"https:\/\/www.laboutiquedudos.com\/blog\/le-mal-de-dos-au-travail\/mal-de-dos-au-bureau\/","og_site_name":"La Boutique du dos - Blog","article_published_time":"2021-09-21T14:37:02+00:00","article_modified_time":"2022-09-13T13:08:40+00:00","og_image":[{"width":759,"height":422,"url":"https:\/\/www.laboutiquedudos.com\/blog\/wp-content\/uploads\/2021\/09\/Maux-de-dos-au-bureau.jpg","type":"image\/jpeg"}],"author":"Prior","twitter_card":"summary_large_image","twitter_misc":{"\u00c9crit par":"Prior","Dur\u00e9e de lecture estim\u00e9e":"8 minutes"},"schema":{"@context":"https:\/\/schema.org","@graph":[{"@type":"Article","@id":"https:\/\/www.laboutiquedudos.com\/blog\/le-mal-de-dos-au-travail\/mal-de-dos-au-bureau\/#article","isPartOf":{"@id":"https:\/\/www.laboutiquedudos.com\/blog\/le-mal-de-dos-au-travail\/mal-de-dos-au-bureau\/"},"author":{"name":"Prior","@id":"https:\/\/www.laboutiquedudos.com\/blog\/#\/schema\/person\/8001c2df8d6684886e124d2b29026ec0"},"headline":"Mal de dos au travail","datePublished":"2021-09-21T14:37:02+00:00","dateModified":"2022-09-13T13:08:40+00:00","mainEntityOfPage":{"@id":"https:\/\/www.laboutiquedudos.com\/blog\/le-mal-de-dos-au-travail\/mal-de-dos-au-bureau\/"},"wordCount":1519,"image":{"@id":"https:\/\/www.laboutiquedudos.com\/blog\/le-mal-de-dos-au-travail\/mal-de-dos-au-bureau\/#primaryimage"},"thumbnailUrl":"https:\/\/www.laboutiquedudos.com\/blog\/wp-content\/uploads\/2021\/09\/Maux-de-dos-au-bureau.jpg","articleSection":["Le mal de dos au travail"],"inLanguage":"fr-FR"},{"@type":"WebPage","@id":"https:\/\/www.laboutiquedudos.com\/blog\/le-mal-de-dos-au-travail\/mal-de-dos-au-bureau\/","url":"https:\/\/www.laboutiquedudos.com\/blog\/le-mal-de-dos-au-travail\/mal-de-dos-au-bureau\/","name":"Mal de dos au travail - La Boutique du dos - Blog","isPartOf":{"@id":"https:\/\/www.laboutiquedudos.com\/blog\/#website"},"primaryImageOfPage":{"@id":"https:\/\/www.laboutiquedudos.com\/blog\/le-mal-de-dos-au-travail\/mal-de-dos-au-bureau\/#primaryimage"},"image":{"@id":"https:\/\/www.laboutiquedudos.com\/blog\/le-mal-de-dos-au-travail\/mal-de-dos-au-bureau\/#primaryimage"},"thumbnailUrl":"https:\/\/www.laboutiquedudos.com\/blog\/wp-content\/uploads\/2021\/09\/Maux-de-dos-au-bureau.jpg","datePublished":"2021-09-21T14:37:02+00:00","dateModified":"2022-09-13T13:08:40+00:00","author":{"@id":"https:\/\/www.laboutiquedudos.com\/blog\/#\/schema\/person\/8001c2df8d6684886e124d2b29026ec0"},"description":"Les r\u00e9percussions du mal de dos sur le bien-\u00eatre au travail, \u00e9viter les ces douleurs pour travailler efficacement.","breadcrumb":{"@id":"https:\/\/www.laboutiquedudos.com\/blog\/le-mal-de-dos-au-travail\/mal-de-dos-au-bureau\/#breadcrumb"},"inLanguage":"fr-FR","potentialAction":[{"@type":"ReadAction","target":["https:\/\/www.laboutiquedudos.com\/blog\/le-mal-de-dos-au-travail\/mal-de-dos-au-bureau\/"]}]},{"@type":"ImageObject","inLanguage":"fr-FR","@id":"https:\/\/www.laboutiquedudos.com\/blog\/le-mal-de-dos-au-travail\/mal-de-dos-au-bureau\/#primaryimage","url":"https:\/\/www.laboutiquedudos.com\/blog\/wp-content\/uploads\/2021\/09\/Maux-de-dos-au-bureau.jpg","contentUrl":"https:\/\/www.laboutiquedudos.com\/blog\/wp-content\/uploads\/2021\/09\/Maux-de-dos-au-bureau.jpg","width":759,"height":422,"caption":"Une femme souffrant des maux de dos au bureau"},{"@type":"BreadcrumbList","@id":"https:\/\/www.laboutiquedudos.com\/blog\/le-mal-de-dos-au-travail\/mal-de-dos-au-bureau\/#breadcrumb","itemListElement":[{"@type":"ListItem","position":1,"name":"Accueil","item":"https:\/\/www.laboutiquedudos.com\/blog\/"},{"@type":"ListItem","position":2,"name":"Mal de dos au travail"}]},{"@type":"WebSite","@id":"https:\/\/www.laboutiquedudos.com\/blog\/#website","url":"https:\/\/www.laboutiquedudos.com\/blog\/","name":"La Boutique du dos - Blog","description":"","potentialAction":[{"@type":"SearchAction","target":{"@type":"EntryPoint","urlTemplate":"https:\/\/www.laboutiquedudos.com\/blog\/?s={search_term_string}"},"query-input":{"@type":"PropertyValueSpecification","valueRequired":true,"valueName":"search_term_string"}}],"inLanguage":"fr-FR"},{"@type":"Person","@id":"https:\/\/www.laboutiquedudos.com\/blog\/#\/schema\/person\/8001c2df8d6684886e124d2b29026ec0","name":"Prior","image":{"@type":"ImageObject","inLanguage":"fr-FR","@id":"https:\/\/secure.gravatar.com\/avatar\/8c33b3059a6a81dd8353e783e040916608a2c549f752616ecbd20ad16fab153c?s=96&d=mm&r=g","url":"https:\/\/secure.gravatar.com\/avatar\/8c33b3059a6a81dd8353e783e040916608a2c549f752616ecbd20ad16fab153c?s=96&d=mm&r=g","contentUrl":"https:\/\/secure.gravatar.com\/avatar\/8c33b3059a6a81dd8353e783e040916608a2c549f752616ecbd20ad16fab153c?s=96&d=mm&r=g","caption":"Prior"},"url":"https:\/\/www.laboutiquedudos.com\/blog\/author\/prior\/"}]}},"_links":{"self":[{"href":"https:\/\/www.laboutiquedudos.com\/blog\/wp-json\/wp\/v2\/posts\/654","targetHints":{"allow":["GET"]}}],"collection":[{"href":"https:\/\/www.laboutiquedudos.com\/blog\/wp-json\/wp\/v2\/posts"}],"about":[{"href":"https:\/\/www.laboutiquedudos.com\/blog\/wp-json\/wp\/v2\/types\/post"}],"author":[{"embeddable":true,"href":"https:\/\/www.laboutiquedudos.com\/blog\/wp-json\/wp\/v2\/users\/10"}],"replies":[{"embeddable":true,"href":"https:\/\/www.laboutiquedudos.com\/blog\/wp-json\/wp\/v2\/comments?post=654"}],"version-history":[{"count":5,"href":"https:\/\/www.laboutiquedudos.com\/blog\/wp-json\/wp\/v2\/posts\/654\/revisions"}],"predecessor-version":[{"id":843,"href":"https:\/\/www.laboutiquedudos.com\/blog\/wp-json\/wp\/v2\/posts\/654\/revisions\/843"}],"wp:featuredmedia":[{"embeddable":true,"href":"https:\/\/www.laboutiquedudos.com\/blog\/wp-json\/wp\/v2\/media\/660"}],"wp:attachment":[{"href":"https:\/\/www.laboutiquedudos.com\/blog\/wp-json\/wp\/v2\/media?parent=654"}],"wp:term":[{"taxonomy":"category","embeddable":true,"href":"https:\/\/www.laboutiquedudos.com\/blog\/wp-json\/wp\/v2\/categories?post=654"},{"taxonomy":"post_tag","embeddable":true,"href":"https:\/\/www.laboutiquedudos.com\/blog\/wp-json\/wp\/v2\/tags?post=654"}],"curies":[{"name":"wp","href":"https:\/\/api.w.org\/{rel}","templated":true}]}}