{"id":1187,"date":"2025-12-04T14:44:25","date_gmt":"2025-12-04T13:44:25","guid":{"rendered":"https:\/\/www.laboutiquedudos.com\/blog\/?p=1187"},"modified":"2025-12-04T14:45:02","modified_gmt":"2025-12-04T13:45:02","slug":"offre-oreiller-tempur","status":"publish","type":"post","link":"https:\/\/www.laboutiquedudos.com\/blog\/ergonomie\/offre-oreiller-tempur\/","title":{"rendered":"Offrez-vous le confort Tempur : \u201350 % sur le 2\u1d49 oreiller"},"content":{"rendered":"<p data-start=\"199\" data-end=\"275\"><em data-start=\"199\" data-end=\"275\">Du 3 au 31 d\u00e9cembre 2025 \u2014 remise appliqu\u00e9e automatiquement dans le panier<\/em><\/p>\n<p data-start=\"277\" data-end=\"511\">En d\u00e9cembre, prenez soin de votre sommeil\u2026 et de votre budget !<\/p>\n<p data-start=\"277\" data-end=\"511\">Pendant tout le mois, La Boutique du Dos vous propose une offre exceptionnelle <a href=\"https:\/\/www.laboutiquedudos.com\/353-oreillers-anatomiques-ergonomiques-osteopathiques?q=Marque-Tempur\" target=\"_blank\" rel=\"noopener\">sur les oreillers Tempur<\/a>, la r\u00e9f\u00e9rence internationale en mati\u00e8re de soutien cervical.<\/p>\n<h3 data-start=\"513\" data-end=\"552\">\u2726 Une offre simple et avantageuse<\/h3>\n<p data-start=\"553\" data-end=\"759\">Du <strong data-start=\"556\" data-end=\"581\">3 au 31 d\u00e9cembre 2025<\/strong>, pour tout achat de deux oreillers Tempur, <strong data-start=\"625\" data-end=\"668\">le deuxi\u00e8me est automatiquement \u00e0 \u201350 %<\/strong>.<\/p>\n<p data-start=\"553\" data-end=\"759\">La r\u00e9duction se calcule directement dans votre panier.<\/p>\n<h3 data-start=\"761\" data-end=\"806\">\u2726 Pourquoi choisir un oreiller Tempur ?<\/h3>\n<p data-start=\"807\" data-end=\"1004\">Les oreillers Tempur sont con\u00e7us pour \u00e9pouser parfaitement la courbe naturelle de votre nuque et maintenir votre colonne vert\u00e9brale dans un alignement optimal.<br data-start=\"966\" data-end=\"969\" \/>Leur mousse visco\u00e9lastique unique :<\/p>\n<ul>\n<li data-start=\"1007\" data-end=\"1038\">r\u00e9duit les points de pression ;<\/li>\n<li data-start=\"1041\" data-end=\"1074\">apporte un soutien personnalis\u00e9 ;<\/li>\n<li data-start=\"1077\" data-end=\"1125\">am\u00e9liore le confort nocturne et la r\u00e9cup\u00e9ration.<\/li>\n<\/ul>\n<p data-start=\"1127\" data-end=\"1232\">Que vous dormiez sur le dos, sur le c\u00f4t\u00e9 ou sur le ventre, vous trouverez un mod\u00e8le adapt\u00e9 \u00e0 vos besoins.<\/p>\n<h3 data-start=\"1234\" data-end=\"1274\">\u2726 Une id\u00e9e cadeau utile et premium<\/h3>\n<p data-start=\"1275\" data-end=\"1461\">Avec cette promotion, c\u2019est le moment id\u00e9al pour renouveler votre oreiller\u2026 ou en offrir un \u00e0 un proche.<\/p>\n<p data-start=\"1275\" data-end=\"1461\">Un sommeil de qualit\u00e9 est l\u2019un des plus beaux cadeaux que l\u2019on puisse se faire.<\/p>\n","protected":false},"excerpt":{"rendered":"<p>Du 3 au 31 d\u00e9cembre 2025 \u2014 remise appliqu\u00e9e automatiquement dans le panier En d\u00e9cembre, prenez soin de votre sommeil\u2026 et de votre budget ! Pendant tout le mois, La Boutique du Dos vous propose une offre exceptionnelle sur les oreillers Tempur, la r\u00e9f\u00e9rence internationale en mati\u00e8re de soutien cervical. \u2726 Une offre simple et&hellip;<\/p>\n","protected":false},"author":14,"featured_media":1188,"comment_status":"closed","ping_status":"open","sticky":false,"template":"","format":"standard","meta":{"_acf_changed":false,"footnotes":""},"categories":[59],"tags":[],"class_list":["post-1187","post","type-post","status-publish","format-standard","has-post-thumbnail","hentry","category-ergonomie"],"acf":[],"yoast_head":"<!-- This site is optimized with the Yoast SEO plugin v27.5 - https:\/\/yoast.com\/product\/yoast-seo-wordpress\/ -->\n<title>Offrez-vous le confort Tempur : \u201350 % sur le 2\u1d49 oreiller - La Boutique du dos - Blog<\/title>\n<meta name=\"description\" content=\"Pendant tout le mois, La Boutique du Dos vous propose une offre exceptionnelle sur les oreillers Tempur, la r\u00e9f\u00e9rence internationale en mati\u00e8re de soutien cervical.\" \/>\n<meta name=\"robots\" content=\"index, follow, max-snippet:-1, max-image-preview:large, max-video-preview:-1\" \/>\n<link rel=\"canonical\" href=\"https:\/\/www.laboutiquedudos.com\/blog\/ergonomie\/offre-oreiller-tempur\/\" \/>\n<meta property=\"og:locale\" content=\"fr_FR\" \/>\n<meta property=\"og:type\" content=\"article\" \/>\n<meta property=\"og:title\" content=\"Offrez-vous le confort Tempur : \u201350 % sur le 2\u1d49 oreiller - La Boutique du dos - Blog\" \/>\n<meta property=\"og:description\" content=\"Pendant tout le mois, La Boutique du Dos vous propose une offre exceptionnelle sur les oreillers Tempur, la r\u00e9f\u00e9rence internationale en mati\u00e8re de soutien cervical.\" \/>\n<meta property=\"og:url\" content=\"https:\/\/www.laboutiquedudos.com\/blog\/ergonomie\/offre-oreiller-tempur\/\" \/>\n<meta property=\"og:site_name\" content=\"La Boutique du dos - Blog\" \/>\n<meta property=\"article:published_time\" content=\"2025-12-04T13:44:25+00:00\" \/>\n<meta property=\"article:modified_time\" content=\"2025-12-04T13:45:02+00:00\" \/>\n<meta property=\"og:image\" content=\"https:\/\/www.laboutiquedudos.com\/blog\/wp-content\/uploads\/2025\/12\/banniere-tempur-noel-2025.jpg\" \/>\n\t<meta property=\"og:image:width\" content=\"1200\" \/>\n\t<meta property=\"og:image:height\" content=\"300\" \/>\n\t<meta property=\"og:image:type\" content=\"image\/jpeg\" \/>\n<meta name=\"author\" content=\"Helene ceciaa.com@gmail.com\" \/>\n<meta name=\"twitter:card\" content=\"summary_large_image\" \/>\n<meta name=\"twitter:label1\" content=\"\u00c9crit par\" \/>\n\t<meta name=\"twitter:data1\" content=\"Helene ceciaa.com@gmail.com\" \/>\n\t<meta name=\"twitter:label2\" content=\"Dur\u00e9e de lecture estim\u00e9e\" \/>\n\t<meta name=\"twitter:data2\" content=\"2 minutes\" \/>\n<script type=\"application\/ld+json\" class=\"yoast-schema-graph\">{\"@context\":\"https:\\\/\\\/schema.org\",\"@graph\":[{\"@type\":\"Article\",\"@id\":\"https:\\\/\\\/www.laboutiquedudos.com\\\/blog\\\/ergonomie\\\/offre-oreiller-tempur\\\/#article\",\"isPartOf\":{\"@id\":\"https:\\\/\\\/www.laboutiquedudos.com\\\/blog\\\/ergonomie\\\/offre-oreiller-tempur\\\/\"},\"author\":{\"name\":\"Helene ceciaa.com@gmail.com\",\"@id\":\"https:\\\/\\\/www.laboutiquedudos.com\\\/blog\\\/#\\\/schema\\\/person\\\/3b5312ded7554ea20fa241ba5b202696\"},\"headline\":\"Offrez-vous le confort Tempur : \u201350 % sur le 2\u1d49 oreiller\",\"datePublished\":\"2025-12-04T13:44:25+00:00\",\"dateModified\":\"2025-12-04T13:45:02+00:00\",\"mainEntityOfPage\":{\"@id\":\"https:\\\/\\\/www.laboutiquedudos.com\\\/blog\\\/ergonomie\\\/offre-oreiller-tempur\\\/\"},\"wordCount\":208,\"image\":{\"@id\":\"https:\\\/\\\/www.laboutiquedudos.com\\\/blog\\\/ergonomie\\\/offre-oreiller-tempur\\\/#primaryimage\"},\"thumbnailUrl\":\"https:\\\/\\\/www.laboutiquedudos.com\\\/blog\\\/wp-content\\\/uploads\\\/2025\\\/12\\\/banniere-tempur-noel-2025.jpg\",\"articleSection\":[\"Ergonomie\"],\"inLanguage\":\"fr-FR\"},{\"@type\":\"WebPage\",\"@id\":\"https:\\\/\\\/www.laboutiquedudos.com\\\/blog\\\/ergonomie\\\/offre-oreiller-tempur\\\/\",\"url\":\"https:\\\/\\\/www.laboutiquedudos.com\\\/blog\\\/ergonomie\\\/offre-oreiller-tempur\\\/\",\"name\":\"Offrez-vous le confort Tempur : \u201350 % sur le 2\u1d49 oreiller - La Boutique du dos - Blog\",\"isPartOf\":{\"@id\":\"https:\\\/\\\/www.laboutiquedudos.com\\\/blog\\\/#website\"},\"primaryImageOfPage\":{\"@id\":\"https:\\\/\\\/www.laboutiquedudos.com\\\/blog\\\/ergonomie\\\/offre-oreiller-tempur\\\/#primaryimage\"},\"image\":{\"@id\":\"https:\\\/\\\/www.laboutiquedudos.com\\\/blog\\\/ergonomie\\\/offre-oreiller-tempur\\\/#primaryimage\"},\"thumbnailUrl\":\"https:\\\/\\\/www.laboutiquedudos.com\\\/blog\\\/wp-content\\\/uploads\\\/2025\\\/12\\\/banniere-tempur-noel-2025.jpg\",\"datePublished\":\"2025-12-04T13:44:25+00:00\",\"dateModified\":\"2025-12-04T13:45:02+00:00\",\"author\":{\"@id\":\"https:\\\/\\\/www.laboutiquedudos.com\\\/blog\\\/#\\\/schema\\\/person\\\/3b5312ded7554ea20fa241ba5b202696\"},\"description\":\"Pendant tout le mois, La Boutique du Dos vous propose une offre exceptionnelle sur les oreillers Tempur, la r\u00e9f\u00e9rence internationale en mati\u00e8re de soutien cervical.\",\"breadcrumb\":{\"@id\":\"https:\\\/\\\/www.laboutiquedudos.com\\\/blog\\\/ergonomie\\\/offre-oreiller-tempur\\\/#breadcrumb\"},\"inLanguage\":\"fr-FR\",\"potentialAction\":[{\"@type\":\"ReadAction\",\"target\":[\"https:\\\/\\\/www.laboutiquedudos.com\\\/blog\\\/ergonomie\\\/offre-oreiller-tempur\\\/\"]}]},{\"@type\":\"ImageObject\",\"inLanguage\":\"fr-FR\",\"@id\":\"https:\\\/\\\/www.laboutiquedudos.com\\\/blog\\\/ergonomie\\\/offre-oreiller-tempur\\\/#primaryimage\",\"url\":\"https:\\\/\\\/www.laboutiquedudos.com\\\/blog\\\/wp-content\\\/uploads\\\/2025\\\/12\\\/banniere-tempur-noel-2025.jpg\",\"contentUrl\":\"https:\\\/\\\/www.laboutiquedudos.com\\\/blog\\\/wp-content\\\/uploads\\\/2025\\\/12\\\/banniere-tempur-noel-2025.jpg\",\"width\":1200,\"height\":300,\"caption\":\"-50% sur votre 2e oreiller Tempur\"},{\"@type\":\"BreadcrumbList\",\"@id\":\"https:\\\/\\\/www.laboutiquedudos.com\\\/blog\\\/ergonomie\\\/offre-oreiller-tempur\\\/#breadcrumb\",\"itemListElement\":[{\"@type\":\"ListItem\",\"position\":1,\"name\":\"Accueil\",\"item\":\"https:\\\/\\\/www.laboutiquedudos.com\\\/blog\\\/\"},{\"@type\":\"ListItem\",\"position\":2,\"name\":\"Offrez-vous le confort Tempur : \u201350 % sur le 2\u1d49 oreiller\"}]},{\"@type\":\"WebSite\",\"@id\":\"https:\\\/\\\/www.laboutiquedudos.com\\\/blog\\\/#website\",\"url\":\"https:\\\/\\\/www.laboutiquedudos.com\\\/blog\\\/\",\"name\":\"La Boutique du dos - Blog\",\"description\":\"\",\"potentialAction\":[{\"@type\":\"SearchAction\",\"target\":{\"@type\":\"EntryPoint\",\"urlTemplate\":\"https:\\\/\\\/www.laboutiquedudos.com\\\/blog\\\/?s={search_term_string}\"},\"query-input\":{\"@type\":\"PropertyValueSpecification\",\"valueRequired\":true,\"valueName\":\"search_term_string\"}}],\"inLanguage\":\"fr-FR\"},{\"@type\":\"Person\",\"@id\":\"https:\\\/\\\/www.laboutiquedudos.com\\\/blog\\\/#\\\/schema\\\/person\\\/3b5312ded7554ea20fa241ba5b202696\",\"name\":\"Helene ceciaa.com@gmail.com\",\"image\":{\"@type\":\"ImageObject\",\"inLanguage\":\"fr-FR\",\"@id\":\"https:\\\/\\\/secure.gravatar.com\\\/avatar\\\/a21d6fe7e97c7e5e4519261060048daac77a3c9f903386ffe720413c8f2611e0?s=96&d=mm&r=g\",\"url\":\"https:\\\/\\\/secure.gravatar.com\\\/avatar\\\/a21d6fe7e97c7e5e4519261060048daac77a3c9f903386ffe720413c8f2611e0?s=96&d=mm&r=g\",\"contentUrl\":\"https:\\\/\\\/secure.gravatar.com\\\/avatar\\\/a21d6fe7e97c7e5e4519261060048daac77a3c9f903386ffe720413c8f2611e0?s=96&d=mm&r=g\",\"caption\":\"Helene ceciaa.com@gmail.com\"},\"url\":\"https:\\\/\\\/www.laboutiquedudos.com\\\/blog\\\/author\\\/helene\\\/\"}]}<\/script>\n<!-- \/ Yoast SEO plugin. -->","yoast_head_json":{"title":"Offrez-vous le confort Tempur : \u201350 % sur le 2\u1d49 oreiller - La Boutique du dos - Blog","description":"Pendant tout le mois, La Boutique du Dos vous propose une offre exceptionnelle sur les oreillers Tempur, la r\u00e9f\u00e9rence internationale en mati\u00e8re de soutien cervical.","robots":{"index":"index","follow":"follow","max-snippet":"max-snippet:-1","max-image-preview":"max-image-preview:large","max-video-preview":"max-video-preview:-1"},"canonical":"https:\/\/www.laboutiquedudos.com\/blog\/ergonomie\/offre-oreiller-tempur\/","og_locale":"fr_FR","og_type":"article","og_title":"Offrez-vous le confort Tempur : \u201350 % sur le 2\u1d49 oreiller - La Boutique du dos - Blog","og_description":"Pendant tout le mois, La Boutique du Dos vous propose une offre exceptionnelle sur les oreillers Tempur, la r\u00e9f\u00e9rence internationale en mati\u00e8re de soutien cervical.","og_url":"https:\/\/www.laboutiquedudos.com\/blog\/ergonomie\/offre-oreiller-tempur\/","og_site_name":"La Boutique du dos - Blog","article_published_time":"2025-12-04T13:44:25+00:00","article_modified_time":"2025-12-04T13:45:02+00:00","og_image":[{"width":1200,"height":300,"url":"https:\/\/www.laboutiquedudos.com\/blog\/wp-content\/uploads\/2025\/12\/banniere-tempur-noel-2025.jpg","type":"image\/jpeg"}],"author":"Helene ceciaa.com@gmail.com","twitter_card":"summary_large_image","twitter_misc":{"\u00c9crit par":"Helene ceciaa.com@gmail.com","Dur\u00e9e de lecture estim\u00e9e":"2 minutes"},"schema":{"@context":"https:\/\/schema.org","@graph":[{"@type":"Article","@id":"https:\/\/www.laboutiquedudos.com\/blog\/ergonomie\/offre-oreiller-tempur\/#article","isPartOf":{"@id":"https:\/\/www.laboutiquedudos.com\/blog\/ergonomie\/offre-oreiller-tempur\/"},"author":{"name":"Helene ceciaa.com@gmail.com","@id":"https:\/\/www.laboutiquedudos.com\/blog\/#\/schema\/person\/3b5312ded7554ea20fa241ba5b202696"},"headline":"Offrez-vous le confort Tempur : \u201350 % sur le 2\u1d49 oreiller","datePublished":"2025-12-04T13:44:25+00:00","dateModified":"2025-12-04T13:45:02+00:00","mainEntityOfPage":{"@id":"https:\/\/www.laboutiquedudos.com\/blog\/ergonomie\/offre-oreiller-tempur\/"},"wordCount":208,"image":{"@id":"https:\/\/www.laboutiquedudos.com\/blog\/ergonomie\/offre-oreiller-tempur\/#primaryimage"},"thumbnailUrl":"https:\/\/www.laboutiquedudos.com\/blog\/wp-content\/uploads\/2025\/12\/banniere-tempur-noel-2025.jpg","articleSection":["Ergonomie"],"inLanguage":"fr-FR"},{"@type":"WebPage","@id":"https:\/\/www.laboutiquedudos.com\/blog\/ergonomie\/offre-oreiller-tempur\/","url":"https:\/\/www.laboutiquedudos.com\/blog\/ergonomie\/offre-oreiller-tempur\/","name":"Offrez-vous le confort Tempur : \u201350 % sur le 2\u1d49 oreiller - La Boutique du dos - Blog","isPartOf":{"@id":"https:\/\/www.laboutiquedudos.com\/blog\/#website"},"primaryImageOfPage":{"@id":"https:\/\/www.laboutiquedudos.com\/blog\/ergonomie\/offre-oreiller-tempur\/#primaryimage"},"image":{"@id":"https:\/\/www.laboutiquedudos.com\/blog\/ergonomie\/offre-oreiller-tempur\/#primaryimage"},"thumbnailUrl":"https:\/\/www.laboutiquedudos.com\/blog\/wp-content\/uploads\/2025\/12\/banniere-tempur-noel-2025.jpg","datePublished":"2025-12-04T13:44:25+00:00","dateModified":"2025-12-04T13:45:02+00:00","author":{"@id":"https:\/\/www.laboutiquedudos.com\/blog\/#\/schema\/person\/3b5312ded7554ea20fa241ba5b202696"},"description":"Pendant tout le mois, La Boutique du Dos vous propose une offre exceptionnelle sur les oreillers Tempur, la r\u00e9f\u00e9rence internationale en mati\u00e8re de soutien cervical.","breadcrumb":{"@id":"https:\/\/www.laboutiquedudos.com\/blog\/ergonomie\/offre-oreiller-tempur\/#breadcrumb"},"inLanguage":"fr-FR","potentialAction":[{"@type":"ReadAction","target":["https:\/\/www.laboutiquedudos.com\/blog\/ergonomie\/offre-oreiller-tempur\/"]}]},{"@type":"ImageObject","inLanguage":"fr-FR","@id":"https:\/\/www.laboutiquedudos.com\/blog\/ergonomie\/offre-oreiller-tempur\/#primaryimage","url":"https:\/\/www.laboutiquedudos.com\/blog\/wp-content\/uploads\/2025\/12\/banniere-tempur-noel-2025.jpg","contentUrl":"https:\/\/www.laboutiquedudos.com\/blog\/wp-content\/uploads\/2025\/12\/banniere-tempur-noel-2025.jpg","width":1200,"height":300,"caption":"-50% sur votre 2e oreiller Tempur"},{"@type":"BreadcrumbList","@id":"https:\/\/www.laboutiquedudos.com\/blog\/ergonomie\/offre-oreiller-tempur\/#breadcrumb","itemListElement":[{"@type":"ListItem","position":1,"name":"Accueil","item":"https:\/\/www.laboutiquedudos.com\/blog\/"},{"@type":"ListItem","position":2,"name":"Offrez-vous le confort Tempur : \u201350 % sur le 2\u1d49 oreiller"}]},{"@type":"WebSite","@id":"https:\/\/www.laboutiquedudos.com\/blog\/#website","url":"https:\/\/www.laboutiquedudos.com\/blog\/","name":"La Boutique du dos - Blog","description":"","potentialAction":[{"@type":"SearchAction","target":{"@type":"EntryPoint","urlTemplate":"https:\/\/www.laboutiquedudos.com\/blog\/?s={search_term_string}"},"query-input":{"@type":"PropertyValueSpecification","valueRequired":true,"valueName":"search_term_string"}}],"inLanguage":"fr-FR"},{"@type":"Person","@id":"https:\/\/www.laboutiquedudos.com\/blog\/#\/schema\/person\/3b5312ded7554ea20fa241ba5b202696","name":"Helene ceciaa.com@gmail.com","image":{"@type":"ImageObject","inLanguage":"fr-FR","@id":"https:\/\/secure.gravatar.com\/avatar\/a21d6fe7e97c7e5e4519261060048daac77a3c9f903386ffe720413c8f2611e0?s=96&d=mm&r=g","url":"https:\/\/secure.gravatar.com\/avatar\/a21d6fe7e97c7e5e4519261060048daac77a3c9f903386ffe720413c8f2611e0?s=96&d=mm&r=g","contentUrl":"https:\/\/secure.gravatar.com\/avatar\/a21d6fe7e97c7e5e4519261060048daac77a3c9f903386ffe720413c8f2611e0?s=96&d=mm&r=g","caption":"Helene ceciaa.com@gmail.com"},"url":"https:\/\/www.laboutiquedudos.com\/blog\/author\/helene\/"}]}},"_links":{"self":[{"href":"https:\/\/www.laboutiquedudos.com\/blog\/wp-json\/wp\/v2\/posts\/1187","targetHints":{"allow":["GET"]}}],"collection":[{"href":"https:\/\/www.laboutiquedudos.com\/blog\/wp-json\/wp\/v2\/posts"}],"about":[{"href":"https:\/\/www.laboutiquedudos.com\/blog\/wp-json\/wp\/v2\/types\/post"}],"author":[{"embeddable":true,"href":"https:\/\/www.laboutiquedudos.com\/blog\/wp-json\/wp\/v2\/users\/14"}],"replies":[{"embeddable":true,"href":"https:\/\/www.laboutiquedudos.com\/blog\/wp-json\/wp\/v2\/comments?post=1187"}],"version-history":[{"count":2,"href":"https:\/\/www.laboutiquedudos.com\/blog\/wp-json\/wp\/v2\/posts\/1187\/revisions"}],"predecessor-version":[{"id":1190,"href":"https:\/\/www.laboutiquedudos.com\/blog\/wp-json\/wp\/v2\/posts\/1187\/revisions\/1190"}],"wp:featuredmedia":[{"embeddable":true,"href":"https:\/\/www.laboutiquedudos.com\/blog\/wp-json\/wp\/v2\/media\/1188"}],"wp:attachment":[{"href":"https:\/\/www.laboutiquedudos.com\/blog\/wp-json\/wp\/v2\/media?parent=1187"}],"wp:term":[{"taxonomy":"category","embeddable":true,"href":"https:\/\/www.laboutiquedudos.com\/blog\/wp-json\/wp\/v2\/categories?post=1187"},{"taxonomy":"post_tag","embeddable":true,"href":"https:\/\/www.laboutiquedudos.com\/blog\/wp-json\/wp\/v2\/tags?post=1187"}],"curies":[{"name":"wp","href":"https:\/\/api.w.org\/{rel}","templated":true}]}}