{"id":1178,"date":"2026-01-21T11:13:16","date_gmt":"2026-01-21T10:13:16","guid":{"rendered":"https:\/\/www.laboutiquedudos.com\/blog\/?p=1178"},"modified":"2025-12-16T14:43:44","modified_gmt":"2025-12-16T13:43:44","slug":"regle-30-30-30-bouger-proteger-dos-travail","status":"publish","type":"post","link":"https:\/\/www.laboutiquedudos.com\/blog\/le-mal-de-dos-au-travail\/regle-30-30-30-bouger-proteger-dos-travail\/","title":{"rendered":"La r\u00e8gle des 30\u201330\u201330 : comment bouger pour prot\u00e9ger votre dos au travail ?"},"content":{"rendered":"<p>Que vous travailliez au bureau ou en t\u00e9l\u00e9travail, vous passez probablement plusieurs heures assis face \u00e0 un \u00e9cran. M\u00eame avec un bon <strong>fauteuil ergonomique<\/strong>, une <strong>installation de bureau<\/strong> bien pens\u00e9e et des r\u00e9glages corrects, l\u2019immobilit\u00e9 prolong\u00e9e reste l\u2019un des pires ennemis de votre <strong>dos<\/strong>. C\u2019est l\u00e0 qu\u2019intervient la <strong>r\u00e8gle des 30\u201330\u201330<\/strong>, une m\u00e9thode simple et efficace pour prot\u00e9ger votre <strong>dos au travail<\/strong>, pr\u00e9venir les tensions musculaires et am\u00e9liorer votre \u00e9nergie tout au long de la journ\u00e9e.<\/p>\n<p>Dans cet article, nous vous expliquons\u00a0:<\/p>\n<ul>\n<li>d\u2019o\u00f9 vient cette <strong>r\u00e8gle des 30\u201330\u201330<\/strong>\u00a0;<\/li>\n<li>pourquoi elle est si efficace pour votre <strong>dos<\/strong>\u00a0;<\/li>\n<li>comment l\u2019appliquer facilement au quotidien\u00a0;<\/li>\n<li>comment l\u2019adapter \u00e0 votre rythme de travail\u00a0;<\/li>\n<li>et quels <strong>\u00e9quipements ergonomiques<\/strong> peuvent vous aider \u00e0 la suivre.<\/li>\n<\/ul>\n<h2>1. Qu\u2019est-ce que la r\u00e8gle des 30\u201330\u201330\u00a0?<\/h2>\n<p>La <strong>r\u00e8gle des 30\u201330\u201330<\/strong> est une strat\u00e9gie simple pour alterner <strong>postures<\/strong>, <strong>mouvements<\/strong> et <strong>pauses actives<\/strong> au cours de la journ\u00e9e. Elle se d\u00e9compose ainsi\u00a0:<\/p>\n<ul>\n<li><strong>30\u00a0minutes assis<\/strong> dans une posture ergonomique stable\u00a0;<\/li>\n<li><strong>30\u00a0minutes debout<\/strong> ou en posture dynamique (assis actif, assis-debout)\u00a0;<\/li>\n<li><strong>30\u00a0secondes de mouvement<\/strong>\u00a0: un \u00e9tirement, un lever, une mobilisation rapide.<\/li>\n<\/ul>\n<p>L\u2019id\u00e9e n\u2019est pas de chronom\u00e9trer au millim\u00e8tre pr\u00e8s, mais de suivre un cycle <strong>r\u00e9gulier et r\u00e9aliste<\/strong>, con\u00e7u pour r\u00e9duire la charge lombaire et favoriser la mobilit\u00e9.<\/p>\n<p>Cette r\u00e8gle est particuli\u00e8rement appr\u00e9ci\u00e9e des ergoth\u00e9rapeutes, kin\u00e9sith\u00e9rapeutes et ergonomes, car elle r\u00e9pond \u00e0 un constat simple\u00a0: <strong>le corps humain n\u2019est pas fait pour l\u2019immobilit\u00e9<\/strong>.<\/p>\n<h2>2. Pourquoi cette r\u00e8gle prot\u00e8ge-t-elle autant votre dos\u00a0?<\/h2>\n<h3>2.1. Parce que la posture assise est tr\u00e8s contraignante pour la colonne<\/h3>\n<p>La <strong>posture assise<\/strong>\u00a0:<\/p>\n<ul>\n<li>comprend les <strong>disques intervert\u00e9braux<\/strong>\u00a0;<\/li>\n<li>\u00e9tire les muscles lombaires\u00a0;<\/li>\n<li>affaiblit la sangle abdominale\u00a0;<\/li>\n<li>bloque la mobilit\u00e9 du bassin\u00a0;<\/li>\n<li>r\u00e9duit la circulation sanguine.<\/li>\n<\/ul>\n<p>Le probl\u00e8me ne vient pas tant de la position assise en elle-m\u00eame que du <strong>temps pass\u00e9 sans bouger<\/strong>.<\/p>\n<p>Apr\u00e8s 20 \u00e0 30\u00a0minutes, le corps entre en <strong>mode immobilit\u00e9 passive<\/strong>, ce qui d\u00e9clenche\u00a0:<\/p>\n<ul>\n<li>raideur musculaire\u00a0;<\/li>\n<li>crispation dans le bas du dos et les \u00e9paules\u00a0;<\/li>\n<li>affaissement de la posture\u00a0;<\/li>\n<li>tensions cervicales\u00a0;<\/li>\n<li>fatigue visuelle\u00a0;<\/li>\n<li>perte de concentration.<\/li>\n<\/ul>\n<h3>2.2. Parce que l\u2019alternance assis\u00a0\/ debout soulage les lombaires<\/h3>\n<p>Passer en <strong>position debout<\/strong> permet\u00a0:<\/p>\n<ul>\n<li>de <strong>d\u00e9charger la pression sur les disques lombaires<\/strong>\u00a0;<\/li>\n<li>de r\u00e9aligner naturellement la colonne\u00a0;<\/li>\n<li>d\u2019activer les muscles posturaux\u00a0;<\/li>\n<li>de stimuler la circulation sanguine\u00a0;<\/li>\n<li>de r\u00e9duire le risque de <strong>douleurs lombaires<\/strong>.<\/li>\n<\/ul>\n<p>Le debout n\u2019est pas une posture magique, mais combin\u00e9 \u00e0 l\u2019assise, il permet d\u2019\u00e9viter une surcharge prolong\u00e9e sur les m\u00eames structures.<\/p>\n<h3>2.3. Parce que le mouvement, m\u00eame bref, r\u00e9initialise le syst\u00e8me musculaire<\/h3>\n<p>Les <strong>30\u00a0secondes de mouvement<\/strong>\u00a0:<\/p>\n<ul>\n<li>relancent la circulation\u00a0;<\/li>\n<li>diminuent la tension musculaire\u00a0;<\/li>\n<li>stimulent le cerveau\u00a0;<\/li>\n<li>am\u00e9liorent la concentration\u00a0;<\/li>\n<li>aident \u00e0 r\u00e9hydrater les disques intervert\u00e9braux.<\/li>\n<\/ul>\n<p>Ce sont des mini-pauses extr\u00eamement efficaces et tr\u00e8s faciles \u00e0 int\u00e9grer dans la journ\u00e9e de travail.<\/p>\n<h2>3. Comment appliquer la r\u00e8gle des 30\u201330\u201330 au quotidien\u00a0?<\/h2>\n<h3>3.1. \u00c9tape\u00a01\u00a0: organiser ses 30\u00a0minutes assis<\/h3>\n<p>Lorsque vous \u00eates assis, privil\u00e9giez une <strong>posture ergonomique<\/strong>\u00a0:<\/p>\n<ul>\n<li>pieds \u00e0 plat au sol ou sur un repose-pieds\u00a0;<\/li>\n<li>genoux proches de 90\u00b0\u00a0;<\/li>\n<li><strong>dos soutenu<\/strong> par le dossier, notamment au niveau lombaire\u00a0;<\/li>\n<li>avant-bras au m\u00eame niveau que le clavier\u00a0;<\/li>\n<li>\u00e9cran \u00e0 hauteur des yeux.<\/li>\n<\/ul>\n<p>\u00c0 ce stade, l\u2019objectif est\u00a0: <strong>stabilit\u00e9 + confort + posture neutre<\/strong>.<\/p>\n<p>Les si\u00e8ges id\u00e9aux pour ces 30\u00a0minutes\u00a0:<\/p>\n<ul>\n<li><strong>fauteuil ergonomique<\/strong> r\u00e9glable\u00a0;<\/li>\n<li>chaise de bureau avec soutien lombaire\u00a0;<\/li>\n<li>si\u00e8ge avec dossier haut pour soulager le haut du dos.<\/li>\n<\/ul>\n<h3>3.2. \u00c9tape\u00a02\u00a0: passer 30\u00a0minutes debout ou en posture active<\/h3>\n<p>L\u2019objectif ici n\u2019est pas de rester debout immobile (ce serait contre-productif), mais de <strong>varier les appuis et la posture<\/strong>\u00a0:<\/p>\n<ul>\n<li>se mettre debout avec un <strong>bureau assis-debout<\/strong>\u00a0;<\/li>\n<li>utiliser un <strong>tabouret assis-perch\u00e9<\/strong> pour une position semi-debout\u00a0;<\/li>\n<li>travailler ponctuellement avec un <strong>ballon d\u2019assise<\/strong>\u00a0;<\/li>\n<li>alterner les appuis sur un <strong>repose-pied<\/strong> en position debout.<\/li>\n<\/ul>\n<p>Quelques exemples de s\u00e9quences possibles\u00a0:<\/p>\n<ul>\n<li>15\u00a0minutes debout + 15\u00a0minutes assis actif\u00a0;<\/li>\n<li>30\u00a0minutes sur un si\u00e8ge \u00e0 assise dynamique\u00a0;<\/li>\n<li>20\u00a0minutes debout + 10\u00a0minutes sur un tabouret assis-perch\u00e9.<\/li>\n<\/ul>\n<h3>3.3. \u00c9tape\u00a03\u00a0: int\u00e9grer 30\u00a0secondes de mouvement<\/h3>\n<p>Ce temps tr\u00e8s court peut prendre plusieurs formes\u00a0:<\/p>\n<ul>\n<li>se lever et marcher 10 \u00e0 20\u00a0pas\u00a0;<\/li>\n<li>rouler les \u00e9paules vers l\u2019avant puis vers l\u2019arri\u00e8re\u00a0;<\/li>\n<li>faire trois grandes respirations profondes, en ouvrant la cage thoracique\u00a0;<\/li>\n<li>\u00e9tirer doucement la nuque de chaque c\u00f4t\u00e9\u00a0;<\/li>\n<li>incliner le bassin d\u2019avant en arri\u00e8re en position debout\u00a0;<\/li>\n<li>regarder au loin pour reposer les yeux et le cou.<\/li>\n<\/ul>\n<p>Ces micro-pauses ne cassent pas la productivit\u00e9\u00a0: au contraire, elles <strong>am\u00e9liorent la concentration et la vigilance<\/strong>.<\/p>\n<h2>4. Comment adapter la r\u00e8gle selon votre m\u00e9tier\u00a0?<\/h2>\n<h3>4.1. Travail tr\u00e8s s\u00e9dentaire (d\u00e9veloppeurs, t\u00e9l\u00e9conseillers, comptables\u2026)<\/h3>\n<p><strong>Objectif\u00a0:<\/strong> multiplier les transitions sans interrompre le flux de travail.<\/p>\n<ul>\n<li>30\u00a0minutes assis sur un <strong>fauteuil ergonomique<\/strong>\u00a0;<\/li>\n<li>15\u00a0minutes debout + 15\u00a0minutes sur un si\u00e8ge actif\u00a0;<\/li>\n<li>30\u00a0secondes de mouvement toutes les 30\u00a0minutes.<\/li>\n<\/ul>\n<h3>4.2. Travail exigeant en concentration (juristes, graphistes, r\u00e9dacteurs\u2026)<\/h3>\n<p><strong>Objectif\u00a0:<\/strong> pr\u00e9server les longues plages de focus tout en \u00e9vitant l\u2019immobilit\u00e9 totale.<\/p>\n<ul>\n<li>cycles de 45\u00a0minutes assis maximum\u00a0;<\/li>\n<li>pause debout 5 \u00e0 10\u00a0minutes, avec marche l\u00e9g\u00e8re ou \u00e9tirements\u00a0;<\/li>\n<li>micro-mouvements discrets toutes les 30\u00a0minutes (respiration, nuque, \u00e9paules).<\/li>\n<\/ul>\n<h3>4.3. R\u00e9unions prolong\u00e9es<\/h3>\n<p><strong>Objectif\u00a0:<\/strong> \u00e9viter l\u2019avachissement et les raideurs pendant les r\u00e9unions longues.<\/p>\n<ul>\n<li>se lever d\u00e8s que possible\u00a0: prise de parole debout, transition vers un paperboard\u2026\u00a0;<\/li>\n<li>alterner assis \/ debout lorsque la configuration le permet\u00a0;<\/li>\n<li>pratiquer des mouvements discrets (roulements d\u2019\u00e9paules, changement d\u2019appui, respiration profonde).<\/li>\n<\/ul>\n<h3>4.4. T\u00e9l\u00e9travail \u00e0 domicile<\/h3>\n<p><strong>Objectif\u00a0:<\/strong> int\u00e9grer le mouvement dans la journ\u00e9e sans la rendre chaotique.<\/p>\n<ul>\n<li>passer les appels t\u00e9l\u00e9phoniques debout ou en marchant\u00a0;<\/li>\n<li>profiter des pauses pour bouger (ranger, remplir une carafe d\u2019eau, \u00e9tirer le dos)\u00a0;<\/li>\n<li>utiliser la cuisine, le salon, le couloir comme pr\u00e9texte \u00e0 marcher quelques instants.<\/li>\n<\/ul>\n<h2>5. Les bienfaits de la r\u00e8gle 30\u201330\u201330 sur le dos<\/h2>\n<ul>\n<li><strong>R\u00e9duction des douleurs lombaires<\/strong>\u00a0: la pression sur les disques varie, les muscles se contractent et se rel\u00e2chent r\u00e9guli\u00e8rement.<\/li>\n<li><strong>Am\u00e9lioration de la respiration<\/strong>\u00a0: les phases debout permettent une meilleure amplitude thoracique.<\/li>\n<li><strong>Moins de fatigue musculaire<\/strong>\u00a0: le corps \u00e9vite les postures fig\u00e9es qui cr\u00e9ent des tensions durables.<\/li>\n<li><strong>Plus de mobilit\u00e9 du bassin et de la colonne<\/strong>\u00a0: les micro-mouvements entretiennent la sant\u00e9 articulaire.<\/li>\n<li><strong>Meilleure circulation sanguine<\/strong>\u00a0: jambes moins lourdes, sensation de fatigue g\u00e9n\u00e9rale r\u00e9duite.<\/li>\n<li><strong>Am\u00e9lioration de la concentration<\/strong>\u00a0: bouger stimule le cerveau, augmente l\u2019oxyg\u00e9nation et l\u2019\u00e9nergie.<\/li>\n<\/ul>\n<p>La r\u00e8gle est simple, mais ses effets, eux, peuvent \u00eatre tr\u00e8s significatifs sur la <strong>sant\u00e9 du dos<\/strong> et le confort de travail.<\/p>\n<h2>6. Comment les \u00e9quipements ergonomiques peuvent vous aider\u00a0?<\/h2>\n<p>La <strong>r\u00e8gle des 30\u201330\u201330<\/strong> devient beaucoup plus facile \u00e0 suivre lorsque l\u2019on dispose des bons outils.<\/p>\n<h3>6.1. Le bureau assis-debout<\/h3>\n<p>C\u2019est l\u2019alli\u00e9 id\u00e9al pour appliquer la r\u00e8gle\u00a0: il permet d\u2019alterner <strong>assis \/ debout<\/strong> en quelques secondes, sans interrompre son travail. On peut facilement g\u00e9rer 2 ou 3 changements de posture par heure.<\/p>\n<h3>6.2. Le tabouret assis-perch\u00e9<\/h3>\n<p>Il offre une position semi-debout, avec un <strong>angle ouvert entre le tronc et les cuisses<\/strong>. Cela\u00a0:<\/p>\n<ul>\n<li>r\u00e9duit la pression sur les lombaires\u00a0;<\/li>\n<li>facilite une posture plus dynamique\u00a0;<\/li>\n<li>encourage de petits ajustements posturaux permanents.<\/li>\n<\/ul>\n<h3>6.3. Le ballon d\u2019assise ou le coussin dynamique<\/h3>\n<p>Id\u00e9al pour les 10 \u00e0 20\u00a0minutes de posture active\u00a0:<\/p>\n<ul>\n<li>stimule les <strong>muscles profonds<\/strong>\u00a0;<\/li>\n<li>limite l\u2019avachissement\u00a0;<\/li>\n<li>rend le mouvement plus naturel.<\/li>\n<\/ul>\n<h3>6.4. Le fauteuil ergonomique<\/h3>\n<p>Il reste indispensable pour les phases assises prolong\u00e9es\u00a0:<\/p>\n<ul>\n<li><strong>soutien lombaire<\/strong> efficace\u00a0;<\/li>\n<li>r\u00e9glages pr\u00e9cis (hauteur, dossier, accoudoirs)\u00a0;<\/li>\n<li>posture neutre et confortable.<\/li>\n<\/ul>\n<h3>6.5. Les supports de pieds et accessoires<\/h3>\n<p>Repose-pieds, supports de talons ou de jambes permettent de <strong>varier les appuis<\/strong> et de rel\u00e2cher les tensions dans le bas du dos.<\/p>\n<h3>6.6. Les rappels num\u00e9riques<\/h3>\n<p>Montres connect\u00e9es, minuteurs, applications ou simples alarmes peuvent agir comme des rappels pour appliquer la <strong>r\u00e8gle 30\u201330\u201330<\/strong> sans y penser toute la journ\u00e9e.<\/p>\n<h2>7. Comment int\u00e9grer la r\u00e8gle sans perturber votre travail\u00a0?<\/h2>\n<p>La cl\u00e9\u00a0: y aller progressivement.<\/p>\n<h3>\u00c9tape\u00a01\u00a0: commencer par les 30\u00a0secondes<\/h3>\n<p>Ajouter d\u2019abord un <strong>micro-mouvement<\/strong> toutes les 30 \u00e0 45\u00a0minutes\u00a0: se lever, \u00e9tirer les bras, marcher quelques pas.<\/p>\n<h3>\u00c9tape\u00a02\u00a0: alterner 10\u00a0minutes debout toutes les heures<\/h3>\n<p>Une fois cette habitude en place, passer \u00e0 10\u00a0minutes debout avec un bureau assis-debout ou un tabouret assis-perch\u00e9.<\/p>\n<h3>\u00c9tape\u00a03\u00a0: adopter progressivement le cycle complet 30\u201330\u201330<\/h3>\n<p>Sans rigidit\u00e9\u00a0: l\u2019id\u00e9e est la <strong>r\u00e9gularit\u00e9<\/strong>, pas la perfection. Certains pr\u00e9f\u00e9reront\u00a0:<\/p>\n<ul>\n<li>45\u00a0minutes assis \/ 15\u00a0minutes debout\u00a0;<\/li>\n<li>25\u00a0minutes assis \/ 5\u00a0minutes de mouvement\u00a0;<\/li>\n<li>20\u00a0minutes assis \/ 20\u00a0minutes actif \/ 20\u00a0minutes debout.<\/li>\n<\/ul>\n<p>L\u2019important\u00a0: <strong>ne jamais rester immobile trop longtemps<\/strong>.<\/p>\n<h2>8. Comment savoir si la r\u00e8gle fonctionne pour vous\u00a0?<\/h2>\n<p>Des signaux positifs apparaissent souvent d\u00e8s 2 \u00e0 5\u00a0jours\u00a0:<\/p>\n<ul>\n<li>moins de raideurs dans le bas du dos\u00a0;<\/li>\n<li>moins de tensions dans les \u00e9paules et la nuque\u00a0;<\/li>\n<li>fin des douleurs en fin de journ\u00e9e\u00a0;<\/li>\n<li>meilleure vigilance l\u2019apr\u00e8s-midi\u00a0;<\/li>\n<li>respiration plus ample\u00a0;<\/li>\n<li>sensation d\u2019\u00e9nergie plus stable.<\/li>\n<\/ul>\n<p>Apr\u00e8s 2 \u00e0 3\u00a0semaines, on observe souvent un <strong>vrai changement postural<\/strong> et une am\u00e9lioration globale du confort.<\/p>\n<h2>9. Les conseils des experts de La Boutique du Dos<\/h2>\n<p>La <strong>r\u00e8gle des 30\u201330\u201330<\/strong> est tr\u00e8s puissante, mais elle donne ses meilleurs r\u00e9sultats lorsqu\u2019elle est associ\u00e9e \u00e0 un <strong>poste de travail ergonomique<\/strong>. Les experts de <strong>La Boutique du Dos<\/strong> peuvent vous aider \u00e0\u00a0:<\/p>\n<ul>\n<li>analyser votre <strong>posture de travail<\/strong>\u00a0;<\/li>\n<li>choisir la <strong>bonne assise<\/strong> (fauteuil ergonomique, si\u00e8ge actif, ballon, coussin dynamique)\u00a0;<\/li>\n<li>s\u00e9lectionner un <strong>bureau assis-debout<\/strong> adapt\u00e9 \u00e0 votre espace\u00a0;<\/li>\n<li>comprendre quand utiliser un <strong>si\u00e8ge actif<\/strong> et quand privil\u00e9gier la stabilit\u00e9\u00a0;<\/li>\n<li>adapter votre environnement selon vos douleurs ou ant\u00e9c\u00e9dents\u00a0;<\/li>\n<li>int\u00e9grer le mouvement dans votre journ\u00e9e sans perdre en productivit\u00e9.<\/li>\n<\/ul>\n<p>Nos \u00e9quipes vous conseillent <strong>en boutique<\/strong>, mais aussi <strong>par t\u00e9l\u00e9phone<\/strong> ou <strong>par e-mail<\/strong>, pour vous accompagner vers un <strong>poste de travail plus sain<\/strong> et un <strong>dos mieux prot\u00e9g\u00e9<\/strong>.<\/p>\n<h2>Conclusion\u00a0: la r\u00e8gle des 30\u201330\u201330, une m\u00e9thode simple pour un dos en meilleure sant\u00e9<\/h2>\n<p>La <strong>r\u00e8gle des 30\u201330\u201330<\/strong> est l\u2019une des strat\u00e9gies les plus simples et efficaces pour prot\u00e9ger votre <strong>dos au travail<\/strong>. Elle repose sur trois principes cl\u00e9s\u00a0:<\/p>\n<ul>\n<li><strong>ne pas rester immobile<\/strong>\u00a0;<\/li>\n<li><strong>alterner les postures<\/strong> (assis, debout, actif)\u00a0;<\/li>\n<li><strong>bouger r\u00e9guli\u00e8rement<\/strong>, m\u00eame bri\u00e8vement.<\/li>\n<\/ul>\n<p>Int\u00e9gr\u00e9e au quotidien, elle permet\u00a0:<\/p>\n<ul>\n<li>de r\u00e9duire les douleurs dorsales et lombaires\u00a0;<\/li>\n<li>de stabiliser et am\u00e9liorer la posture\u00a0;<\/li>\n<li>d\u2019optimiser la respiration et la circulation\u00a0;<\/li>\n<li>d\u2019augmenter l\u2019\u00e9nergie et la concentration\u00a0;<\/li>\n<li>et de prot\u00e9ger durablement votre <strong>dos<\/strong>.<\/li>\n<\/ul>\n<p>Une m\u00e9thode accessible \u00e0 tous, compatible avec la plupart des m\u00e9tiers et qui, associ\u00e9e \u00e0 des <strong>solutions ergonomiques adapt\u00e9es<\/strong>, peut transformer votre mani\u00e8re de travailler\u2026 et le confort de votre dos, jour apr\u00e8s jour.<\/p>\n<p><a href=\"https:\/\/www.laboutiquedudos.com\/\">\u00c0 la Boutique du Dos<\/a>, nous savons que chaque dos est diff\u00e9rent et que le confort ne se r\u00e9sume pas \u00e0 une solution unique. Nos \u00e9quipes et experts du bien-\u00eatre du dos accompagnent depuis des ann\u00e9es les personnes \u00e0 la recherche de solutions concr\u00e8tes, adapt\u00e9es \u00e0 leur quotidien&nbsp;: assises, literie, appuis, accessoires de confort. \u00c9couter son corps, am\u00e9liorer ses appuis, soulager sans contraindre&nbsp;: c\u2019est cette approche pragmatique et humaine que nous d\u00e9fendons chaque jour, pour aider chacun \u00e0 mieux vivre avec son dos, durablement.<\/p>\n","protected":false},"excerpt":{"rendered":"<p>Que vous travailliez au bureau ou en t\u00e9l\u00e9travail, vous passez probablement plusieurs heures assis face \u00e0 un \u00e9cran. M\u00eame avec un bon fauteuil ergonomique, une installation de bureau bien pens\u00e9e et des r\u00e9glages corrects, l\u2019immobilit\u00e9 prolong\u00e9e reste l\u2019un des pires ennemis de votre dos. C\u2019est l\u00e0 qu\u2019intervient la r\u00e8gle des 30\u201330\u201330, une m\u00e9thode simple et&hellip;<\/p>\n","protected":false},"author":14,"featured_media":1179,"comment_status":"closed","ping_status":"open","sticky":false,"template":"","format":"standard","meta":{"_acf_changed":false,"footnotes":""},"categories":[10,9],"tags":[],"class_list":["post-1178","post","type-post","status-publish","format-standard","has-post-thumbnail","hentry","category-conseils","category-le-mal-de-dos-au-travail"],"acf":[],"yoast_head":"<!-- This site is optimized with the Yoast SEO plugin v27.5 - https:\/\/yoast.com\/product\/yoast-seo-wordpress\/ -->\n<title>La r\u00e8gle des 30\u201330\u201330 : bouger pour prot\u00e9ger votre dos au travail<\/title>\n<meta name=\"description\" content=\"D\u00e9couvrez la r\u00e8gle des 30\u201330\u201330 et apprenez \u00e0 alterner assis, debout et mouvement pour r\u00e9duire les douleurs dorsales, am\u00e9liorer votre posture et pr\u00e9server votre dos au travail.\" \/>\n<meta name=\"robots\" content=\"index, follow, max-snippet:-1, max-image-preview:large, max-video-preview:-1\" \/>\n<link rel=\"canonical\" href=\"https:\/\/www.laboutiquedudos.com\/blog\/le-mal-de-dos-au-travail\/regle-30-30-30-bouger-proteger-dos-travail\/\" \/>\n<meta property=\"og:locale\" content=\"fr_FR\" \/>\n<meta property=\"og:type\" content=\"article\" \/>\n<meta property=\"og:title\" content=\"La r\u00e8gle des 30\u201330\u201330 : bouger pour prot\u00e9ger votre dos au travail\" \/>\n<meta property=\"og:description\" content=\"D\u00e9couvrez la r\u00e8gle des 30\u201330\u201330 et apprenez \u00e0 alterner assis, debout et mouvement pour r\u00e9duire les douleurs dorsales, am\u00e9liorer votre posture et pr\u00e9server votre dos au travail.\" \/>\n<meta property=\"og:url\" content=\"https:\/\/www.laboutiquedudos.com\/blog\/le-mal-de-dos-au-travail\/regle-30-30-30-bouger-proteger-dos-travail\/\" \/>\n<meta property=\"og:site_name\" content=\"La Boutique du dos - Blog\" \/>\n<meta property=\"article:published_time\" content=\"2026-01-21T10:13:16+00:00\" \/>\n<meta property=\"og:image\" content=\"https:\/\/www.laboutiquedudos.com\/blog\/wp-content\/uploads\/2025\/12\/bouger-bureau-preserver-dos.jpg\" \/>\n\t<meta property=\"og:image:width\" content=\"850\" \/>\n\t<meta property=\"og:image:height\" content=\"567\" \/>\n\t<meta property=\"og:image:type\" content=\"image\/jpeg\" \/>\n<meta name=\"author\" content=\"Helene ceciaa.com@gmail.com\" \/>\n<meta name=\"twitter:card\" content=\"summary_large_image\" \/>\n<meta name=\"twitter:label1\" content=\"\u00c9crit par\" \/>\n\t<meta name=\"twitter:data1\" content=\"Helene ceciaa.com@gmail.com\" \/>\n\t<meta name=\"twitter:label2\" content=\"Dur\u00e9e de lecture estim\u00e9e\" \/>\n\t<meta name=\"twitter:data2\" content=\"9 minutes\" \/>\n<script type=\"application\/ld+json\" class=\"yoast-schema-graph\">{\"@context\":\"https:\\\/\\\/schema.org\",\"@graph\":[{\"@type\":\"Article\",\"@id\":\"https:\\\/\\\/www.laboutiquedudos.com\\\/blog\\\/le-mal-de-dos-au-travail\\\/regle-30-30-30-bouger-proteger-dos-travail\\\/#article\",\"isPartOf\":{\"@id\":\"https:\\\/\\\/www.laboutiquedudos.com\\\/blog\\\/le-mal-de-dos-au-travail\\\/regle-30-30-30-bouger-proteger-dos-travail\\\/\"},\"author\":{\"name\":\"Helene ceciaa.com@gmail.com\",\"@id\":\"https:\\\/\\\/www.laboutiquedudos.com\\\/blog\\\/#\\\/schema\\\/person\\\/3b5312ded7554ea20fa241ba5b202696\"},\"headline\":\"La r\u00e8gle des 30\u201330\u201330 : comment bouger pour prot\u00e9ger votre dos au travail ?\",\"datePublished\":\"2026-01-21T10:13:16+00:00\",\"mainEntityOfPage\":{\"@id\":\"https:\\\/\\\/www.laboutiquedudos.com\\\/blog\\\/le-mal-de-dos-au-travail\\\/regle-30-30-30-bouger-proteger-dos-travail\\\/\"},\"wordCount\":1856,\"image\":{\"@id\":\"https:\\\/\\\/www.laboutiquedudos.com\\\/blog\\\/le-mal-de-dos-au-travail\\\/regle-30-30-30-bouger-proteger-dos-travail\\\/#primaryimage\"},\"thumbnailUrl\":\"https:\\\/\\\/www.laboutiquedudos.com\\\/blog\\\/wp-content\\\/uploads\\\/2025\\\/12\\\/bouger-bureau-preserver-dos.jpg\",\"articleSection\":[\"Conseils\",\"Le mal de dos au travail\"],\"inLanguage\":\"fr-FR\"},{\"@type\":\"WebPage\",\"@id\":\"https:\\\/\\\/www.laboutiquedudos.com\\\/blog\\\/le-mal-de-dos-au-travail\\\/regle-30-30-30-bouger-proteger-dos-travail\\\/\",\"url\":\"https:\\\/\\\/www.laboutiquedudos.com\\\/blog\\\/le-mal-de-dos-au-travail\\\/regle-30-30-30-bouger-proteger-dos-travail\\\/\",\"name\":\"La r\u00e8gle des 30\u201330\u201330 : bouger pour prot\u00e9ger votre dos au travail\",\"isPartOf\":{\"@id\":\"https:\\\/\\\/www.laboutiquedudos.com\\\/blog\\\/#website\"},\"primaryImageOfPage\":{\"@id\":\"https:\\\/\\\/www.laboutiquedudos.com\\\/blog\\\/le-mal-de-dos-au-travail\\\/regle-30-30-30-bouger-proteger-dos-travail\\\/#primaryimage\"},\"image\":{\"@id\":\"https:\\\/\\\/www.laboutiquedudos.com\\\/blog\\\/le-mal-de-dos-au-travail\\\/regle-30-30-30-bouger-proteger-dos-travail\\\/#primaryimage\"},\"thumbnailUrl\":\"https:\\\/\\\/www.laboutiquedudos.com\\\/blog\\\/wp-content\\\/uploads\\\/2025\\\/12\\\/bouger-bureau-preserver-dos.jpg\",\"datePublished\":\"2026-01-21T10:13:16+00:00\",\"author\":{\"@id\":\"https:\\\/\\\/www.laboutiquedudos.com\\\/blog\\\/#\\\/schema\\\/person\\\/3b5312ded7554ea20fa241ba5b202696\"},\"description\":\"D\u00e9couvrez la r\u00e8gle des 30\u201330\u201330 et apprenez \u00e0 alterner assis, debout et mouvement pour r\u00e9duire les douleurs dorsales, am\u00e9liorer votre posture et pr\u00e9server votre dos au travail.\",\"breadcrumb\":{\"@id\":\"https:\\\/\\\/www.laboutiquedudos.com\\\/blog\\\/le-mal-de-dos-au-travail\\\/regle-30-30-30-bouger-proteger-dos-travail\\\/#breadcrumb\"},\"inLanguage\":\"fr-FR\",\"potentialAction\":[{\"@type\":\"ReadAction\",\"target\":[\"https:\\\/\\\/www.laboutiquedudos.com\\\/blog\\\/le-mal-de-dos-au-travail\\\/regle-30-30-30-bouger-proteger-dos-travail\\\/\"]}]},{\"@type\":\"ImageObject\",\"inLanguage\":\"fr-FR\",\"@id\":\"https:\\\/\\\/www.laboutiquedudos.com\\\/blog\\\/le-mal-de-dos-au-travail\\\/regle-30-30-30-bouger-proteger-dos-travail\\\/#primaryimage\",\"url\":\"https:\\\/\\\/www.laboutiquedudos.com\\\/blog\\\/wp-content\\\/uploads\\\/2025\\\/12\\\/bouger-bureau-preserver-dos.jpg\",\"contentUrl\":\"https:\\\/\\\/www.laboutiquedudos.com\\\/blog\\\/wp-content\\\/uploads\\\/2025\\\/12\\\/bouger-bureau-preserver-dos.jpg\",\"width\":850,\"height\":567,\"caption\":\"Bouger au bureau pour pr\u00e9server son dos - Image g\u00e9n\u00e9r\u00e9e par IA\"},{\"@type\":\"BreadcrumbList\",\"@id\":\"https:\\\/\\\/www.laboutiquedudos.com\\\/blog\\\/le-mal-de-dos-au-travail\\\/regle-30-30-30-bouger-proteger-dos-travail\\\/#breadcrumb\",\"itemListElement\":[{\"@type\":\"ListItem\",\"position\":1,\"name\":\"Accueil\",\"item\":\"https:\\\/\\\/www.laboutiquedudos.com\\\/blog\\\/\"},{\"@type\":\"ListItem\",\"position\":2,\"name\":\"La r\u00e8gle des 30\u201330\u201330 : comment bouger pour prot\u00e9ger votre dos au travail ?\"}]},{\"@type\":\"WebSite\",\"@id\":\"https:\\\/\\\/www.laboutiquedudos.com\\\/blog\\\/#website\",\"url\":\"https:\\\/\\\/www.laboutiquedudos.com\\\/blog\\\/\",\"name\":\"La Boutique du dos - Blog\",\"description\":\"\",\"potentialAction\":[{\"@type\":\"SearchAction\",\"target\":{\"@type\":\"EntryPoint\",\"urlTemplate\":\"https:\\\/\\\/www.laboutiquedudos.com\\\/blog\\\/?s={search_term_string}\"},\"query-input\":{\"@type\":\"PropertyValueSpecification\",\"valueRequired\":true,\"valueName\":\"search_term_string\"}}],\"inLanguage\":\"fr-FR\"},{\"@type\":\"Person\",\"@id\":\"https:\\\/\\\/www.laboutiquedudos.com\\\/blog\\\/#\\\/schema\\\/person\\\/3b5312ded7554ea20fa241ba5b202696\",\"name\":\"Helene ceciaa.com@gmail.com\",\"image\":{\"@type\":\"ImageObject\",\"inLanguage\":\"fr-FR\",\"@id\":\"https:\\\/\\\/secure.gravatar.com\\\/avatar\\\/a21d6fe7e97c7e5e4519261060048daac77a3c9f903386ffe720413c8f2611e0?s=96&d=mm&r=g\",\"url\":\"https:\\\/\\\/secure.gravatar.com\\\/avatar\\\/a21d6fe7e97c7e5e4519261060048daac77a3c9f903386ffe720413c8f2611e0?s=96&d=mm&r=g\",\"contentUrl\":\"https:\\\/\\\/secure.gravatar.com\\\/avatar\\\/a21d6fe7e97c7e5e4519261060048daac77a3c9f903386ffe720413c8f2611e0?s=96&d=mm&r=g\",\"caption\":\"Helene ceciaa.com@gmail.com\"},\"url\":\"https:\\\/\\\/www.laboutiquedudos.com\\\/blog\\\/author\\\/helene\\\/\"}]}<\/script>\n<!-- \/ Yoast SEO plugin. -->","yoast_head_json":{"title":"La r\u00e8gle des 30\u201330\u201330 : bouger pour prot\u00e9ger votre dos au travail","description":"D\u00e9couvrez la r\u00e8gle des 30\u201330\u201330 et apprenez \u00e0 alterner assis, debout et mouvement pour r\u00e9duire les douleurs dorsales, am\u00e9liorer votre posture et pr\u00e9server votre dos au travail.","robots":{"index":"index","follow":"follow","max-snippet":"max-snippet:-1","max-image-preview":"max-image-preview:large","max-video-preview":"max-video-preview:-1"},"canonical":"https:\/\/www.laboutiquedudos.com\/blog\/le-mal-de-dos-au-travail\/regle-30-30-30-bouger-proteger-dos-travail\/","og_locale":"fr_FR","og_type":"article","og_title":"La r\u00e8gle des 30\u201330\u201330 : bouger pour prot\u00e9ger votre dos au travail","og_description":"D\u00e9couvrez la r\u00e8gle des 30\u201330\u201330 et apprenez \u00e0 alterner assis, debout et mouvement pour r\u00e9duire les douleurs dorsales, am\u00e9liorer votre posture et pr\u00e9server votre dos au travail.","og_url":"https:\/\/www.laboutiquedudos.com\/blog\/le-mal-de-dos-au-travail\/regle-30-30-30-bouger-proteger-dos-travail\/","og_site_name":"La Boutique du dos - Blog","article_published_time":"2026-01-21T10:13:16+00:00","og_image":[{"width":850,"height":567,"url":"https:\/\/www.laboutiquedudos.com\/blog\/wp-content\/uploads\/2025\/12\/bouger-bureau-preserver-dos.jpg","type":"image\/jpeg"}],"author":"Helene ceciaa.com@gmail.com","twitter_card":"summary_large_image","twitter_misc":{"\u00c9crit par":"Helene ceciaa.com@gmail.com","Dur\u00e9e de lecture estim\u00e9e":"9 minutes"},"schema":{"@context":"https:\/\/schema.org","@graph":[{"@type":"Article","@id":"https:\/\/www.laboutiquedudos.com\/blog\/le-mal-de-dos-au-travail\/regle-30-30-30-bouger-proteger-dos-travail\/#article","isPartOf":{"@id":"https:\/\/www.laboutiquedudos.com\/blog\/le-mal-de-dos-au-travail\/regle-30-30-30-bouger-proteger-dos-travail\/"},"author":{"name":"Helene ceciaa.com@gmail.com","@id":"https:\/\/www.laboutiquedudos.com\/blog\/#\/schema\/person\/3b5312ded7554ea20fa241ba5b202696"},"headline":"La r\u00e8gle des 30\u201330\u201330 : comment bouger pour prot\u00e9ger votre dos au travail ?","datePublished":"2026-01-21T10:13:16+00:00","mainEntityOfPage":{"@id":"https:\/\/www.laboutiquedudos.com\/blog\/le-mal-de-dos-au-travail\/regle-30-30-30-bouger-proteger-dos-travail\/"},"wordCount":1856,"image":{"@id":"https:\/\/www.laboutiquedudos.com\/blog\/le-mal-de-dos-au-travail\/regle-30-30-30-bouger-proteger-dos-travail\/#primaryimage"},"thumbnailUrl":"https:\/\/www.laboutiquedudos.com\/blog\/wp-content\/uploads\/2025\/12\/bouger-bureau-preserver-dos.jpg","articleSection":["Conseils","Le mal de dos au travail"],"inLanguage":"fr-FR"},{"@type":"WebPage","@id":"https:\/\/www.laboutiquedudos.com\/blog\/le-mal-de-dos-au-travail\/regle-30-30-30-bouger-proteger-dos-travail\/","url":"https:\/\/www.laboutiquedudos.com\/blog\/le-mal-de-dos-au-travail\/regle-30-30-30-bouger-proteger-dos-travail\/","name":"La r\u00e8gle des 30\u201330\u201330 : bouger pour prot\u00e9ger votre dos au travail","isPartOf":{"@id":"https:\/\/www.laboutiquedudos.com\/blog\/#website"},"primaryImageOfPage":{"@id":"https:\/\/www.laboutiquedudos.com\/blog\/le-mal-de-dos-au-travail\/regle-30-30-30-bouger-proteger-dos-travail\/#primaryimage"},"image":{"@id":"https:\/\/www.laboutiquedudos.com\/blog\/le-mal-de-dos-au-travail\/regle-30-30-30-bouger-proteger-dos-travail\/#primaryimage"},"thumbnailUrl":"https:\/\/www.laboutiquedudos.com\/blog\/wp-content\/uploads\/2025\/12\/bouger-bureau-preserver-dos.jpg","datePublished":"2026-01-21T10:13:16+00:00","author":{"@id":"https:\/\/www.laboutiquedudos.com\/blog\/#\/schema\/person\/3b5312ded7554ea20fa241ba5b202696"},"description":"D\u00e9couvrez la r\u00e8gle des 30\u201330\u201330 et apprenez \u00e0 alterner assis, debout et mouvement pour r\u00e9duire les douleurs dorsales, am\u00e9liorer votre posture et pr\u00e9server votre dos au travail.","breadcrumb":{"@id":"https:\/\/www.laboutiquedudos.com\/blog\/le-mal-de-dos-au-travail\/regle-30-30-30-bouger-proteger-dos-travail\/#breadcrumb"},"inLanguage":"fr-FR","potentialAction":[{"@type":"ReadAction","target":["https:\/\/www.laboutiquedudos.com\/blog\/le-mal-de-dos-au-travail\/regle-30-30-30-bouger-proteger-dos-travail\/"]}]},{"@type":"ImageObject","inLanguage":"fr-FR","@id":"https:\/\/www.laboutiquedudos.com\/blog\/le-mal-de-dos-au-travail\/regle-30-30-30-bouger-proteger-dos-travail\/#primaryimage","url":"https:\/\/www.laboutiquedudos.com\/blog\/wp-content\/uploads\/2025\/12\/bouger-bureau-preserver-dos.jpg","contentUrl":"https:\/\/www.laboutiquedudos.com\/blog\/wp-content\/uploads\/2025\/12\/bouger-bureau-preserver-dos.jpg","width":850,"height":567,"caption":"Bouger au bureau pour pr\u00e9server son dos - Image g\u00e9n\u00e9r\u00e9e par IA"},{"@type":"BreadcrumbList","@id":"https:\/\/www.laboutiquedudos.com\/blog\/le-mal-de-dos-au-travail\/regle-30-30-30-bouger-proteger-dos-travail\/#breadcrumb","itemListElement":[{"@type":"ListItem","position":1,"name":"Accueil","item":"https:\/\/www.laboutiquedudos.com\/blog\/"},{"@type":"ListItem","position":2,"name":"La r\u00e8gle des 30\u201330\u201330 : comment bouger pour prot\u00e9ger votre dos au travail ?"}]},{"@type":"WebSite","@id":"https:\/\/www.laboutiquedudos.com\/blog\/#website","url":"https:\/\/www.laboutiquedudos.com\/blog\/","name":"La Boutique du dos - Blog","description":"","potentialAction":[{"@type":"SearchAction","target":{"@type":"EntryPoint","urlTemplate":"https:\/\/www.laboutiquedudos.com\/blog\/?s={search_term_string}"},"query-input":{"@type":"PropertyValueSpecification","valueRequired":true,"valueName":"search_term_string"}}],"inLanguage":"fr-FR"},{"@type":"Person","@id":"https:\/\/www.laboutiquedudos.com\/blog\/#\/schema\/person\/3b5312ded7554ea20fa241ba5b202696","name":"Helene ceciaa.com@gmail.com","image":{"@type":"ImageObject","inLanguage":"fr-FR","@id":"https:\/\/secure.gravatar.com\/avatar\/a21d6fe7e97c7e5e4519261060048daac77a3c9f903386ffe720413c8f2611e0?s=96&d=mm&r=g","url":"https:\/\/secure.gravatar.com\/avatar\/a21d6fe7e97c7e5e4519261060048daac77a3c9f903386ffe720413c8f2611e0?s=96&d=mm&r=g","contentUrl":"https:\/\/secure.gravatar.com\/avatar\/a21d6fe7e97c7e5e4519261060048daac77a3c9f903386ffe720413c8f2611e0?s=96&d=mm&r=g","caption":"Helene ceciaa.com@gmail.com"},"url":"https:\/\/www.laboutiquedudos.com\/blog\/author\/helene\/"}]}},"_links":{"self":[{"href":"https:\/\/www.laboutiquedudos.com\/blog\/wp-json\/wp\/v2\/posts\/1178","targetHints":{"allow":["GET"]}}],"collection":[{"href":"https:\/\/www.laboutiquedudos.com\/blog\/wp-json\/wp\/v2\/posts"}],"about":[{"href":"https:\/\/www.laboutiquedudos.com\/blog\/wp-json\/wp\/v2\/types\/post"}],"author":[{"embeddable":true,"href":"https:\/\/www.laboutiquedudos.com\/blog\/wp-json\/wp\/v2\/users\/14"}],"replies":[{"embeddable":true,"href":"https:\/\/www.laboutiquedudos.com\/blog\/wp-json\/wp\/v2\/comments?post=1178"}],"version-history":[{"count":2,"href":"https:\/\/www.laboutiquedudos.com\/blog\/wp-json\/wp\/v2\/posts\/1178\/revisions"}],"predecessor-version":[{"id":1233,"href":"https:\/\/www.laboutiquedudos.com\/blog\/wp-json\/wp\/v2\/posts\/1178\/revisions\/1233"}],"wp:featuredmedia":[{"embeddable":true,"href":"https:\/\/www.laboutiquedudos.com\/blog\/wp-json\/wp\/v2\/media\/1179"}],"wp:attachment":[{"href":"https:\/\/www.laboutiquedudos.com\/blog\/wp-json\/wp\/v2\/media?parent=1178"}],"wp:term":[{"taxonomy":"category","embeddable":true,"href":"https:\/\/www.laboutiquedudos.com\/blog\/wp-json\/wp\/v2\/categories?post=1178"},{"taxonomy":"post_tag","embeddable":true,"href":"https:\/\/www.laboutiquedudos.com\/blog\/wp-json\/wp\/v2\/tags?post=1178"}],"curies":[{"name":"wp","href":"https:\/\/api.w.org\/{rel}","templated":true}]}}