{"id":1128,"date":"2025-12-03T11:26:56","date_gmt":"2025-12-03T10:26:56","guid":{"rendered":"https:\/\/www.laboutiquedudos.com\/blog\/?p=1128"},"modified":"2025-10-27T15:40:14","modified_gmt":"2025-10-27T14:40:14","slug":"5-fausses-croyances-repandues-mal-dos","status":"publish","type":"post","link":"https:\/\/www.laboutiquedudos.com\/blog\/le-mal-de-dos-au-quotidien\/5-fausses-croyances-repandues-mal-dos\/","title":{"rendered":"Les 5 fausses croyances les plus r\u00e9pandues sur le mal de dos"},"content":{"rendered":"<p>Le <strong>mal de dos<\/strong> est si fr\u00e9quent qu\u2019on l\u2019appelle souvent \u00ab le mal du si\u00e8cle \u00bb. En France, pr\u00e8s de 8 personnes sur 10 en souffriront au moins une fois dans leur vie. Pourtant, m\u00eame si la <strong>douleur lombaire<\/strong> est courante, elle reste tr\u00e8s mal comprise. R\u00e9sultat : des conseils contradictoires, des injonctions culpabilisantes (\u00ab il faut te reposer \u00bb \/ \u00ab tu dramatises \u00bb) et des habitudes qui aggravent parfois la situation.<\/p>\n<p>On va d\u00e9monter ici les <strong>5 id\u00e9es re\u00e7ues les plus r\u00e9pandues sur le mal de dos<\/strong> : le repos prolong\u00e9, le port de charges, le r\u00f4le du stress, les examens d\u2019imagerie et l\u2019id\u00e9e que la douleur dorsale serait une fatalit\u00e9. Pour chaque croyance, on explique pourquoi elle est fausse, ce que disent r\u00e9ellement les recommandations, et ce qu\u2019il faut faire \u00e0 la place pour <strong>prot\u00e9ger son dos<\/strong> et r\u00e9duire la <strong>douleur lombaire<\/strong> au quotidien.<\/p>\n<h2>1. \u00ab Quand on a mal au dos, il faut se reposer \u00bb<\/h2>\n<h3>Ce qu\u2019on croit<\/h3>\n<p>C\u2019est probablement le conseil le plus r\u00e9pandu : \u00ab Reste allong\u00e9 \u00bb, \u00ab Arr\u00eate tout \u00bb, \u00ab Ne bouge pas pendant quelques jours \u00bb. Beaucoup de personnes pensent que l\u2019immobilit\u00e9 est la meilleure r\u00e9ponse \u00e0 une <strong>lombalgie aigu\u00eb<\/strong> ou \u00e0 un <strong>lumbago<\/strong>.<\/p>\n<h3>La r\u00e9alit\u00e9<\/h3>\n<p>C\u2019est faux. Le <strong>repos prolong\u00e9<\/strong> est l\u2019un des pires r\u00e9flexes en cas de <strong>mal de dos<\/strong>. Les \u00e9tudes m\u00e9dicales montrent qu\u2019un arr\u00eat complet du mouvement au-del\u00e0 de 24 \u00e0 48 heures ralentit la gu\u00e9rison, favorise la raideur, affaiblit les muscles qui soutiennent la colonne vert\u00e9brale et augmente le risque de r\u00e9cidive. Les recommandations actuelles vont toutes dans le m\u00eame sens : <strong>il faut bouger d\u00e8s que possible<\/strong>, \u00e0 son rythme, sans forcer mais sans s\u2019immobiliser.<\/p>\n<p>Pourquoi ? Parce que le dos a besoin de mobilit\u00e9 pour \u00eatre irrigu\u00e9, aliment\u00e9, entretenu. Le fait de rester allong\u00e9 trop longtemps provoque au contraire un enraidissement et une perte de confiance (\u00ab si je bouge je vais me faire mal \u00bb), ce qui entretient la douleur.<\/p>\n<h3>Ce qu\u2019il faut faire \u00e0 la place<\/h3>\n<ul>\n<li>Reprendre une <strong>activit\u00e9 douce<\/strong> comme la marche lente ou la mobilit\u00e9 articulaire l\u00e9g\u00e8re.<\/li>\n<li>\u00c9viter les positions prolong\u00e9es (m\u00eame assis). Alternez assis \/ debout \/ marche.<\/li>\n<li>Respirer profond\u00e9ment et rel\u00e2cher les \u00e9paules pour ne pas contracter la zone lombaire.<\/li>\n<\/ul>\n<p>Le <strong>mouvement adapt\u00e9<\/strong> est un traitement. Le repos absolu ne l\u2019est pas.<\/p>\n<h2>2. \u00ab Porter lourd ab\u00eeme forc\u00e9ment le dos \u00bb<\/h2>\n<h3>Ce qu\u2019on croit<\/h3>\n<p>On entend souvent \u00ab Ne porte rien, tu vas te d\u00e9truire le dos \u00bb ou \u00ab Les charges lourdes provoquent forc\u00e9ment une hernie discale \u00bb. Cette peur du port d\u2019objets p\u00e8se lourd, sans jeu de mots : certaines personnes n\u2019osent m\u00eame plus soulever un pack d\u2019eau par crainte de se bloquer les reins.<\/p>\n<h3>La r\u00e9alit\u00e9<\/h3>\n<p>Le probl\u00e8me n\u2019est pas tant de <strong>porter une charge<\/strong>\u00a0: c\u2019est <strong>comment<\/strong> on la porte. Le corps humain est con\u00e7u pour bouger, soulever, pousser, tirer. Ce qui devient dangereux pour la <strong>colonne vert\u00e9brale<\/strong>, c\u2019est le combo suivant :<\/p>\n<ul>\n<li>se pencher en avant dos rond ;<\/li>\n<li>soulever loin du corps, \u00e0 bout de bras ;<\/li>\n<li>tourner le buste en \u00e9tant charg\u00e9 ;<\/li>\n<li>porter tout d\u2019un seul c\u00f4t\u00e9 (un gros sac dans une seule main, par exemple).<\/li>\n<\/ul>\n<p>En clair : ce n\u2019est pas la charge seule qui provoque la <strong>douleur lombaire<\/strong>, c\u2019est le mauvais geste.<\/p>\n<h3>Les bons r\u00e9flexes de manutention pour prot\u00e9ger le dos<\/h3>\n<ul>\n<li><strong>Pliez les genoux<\/strong> plut\u00f4t que le dos. Utilisez la force des cuisses et des fessiers, pas uniquement les lombaires.<\/li>\n<li><strong>Rapprochez la charge du corps<\/strong>. Plus elle est loin, plus l\u2019effet de levier tire sur le bas du dos.<\/li>\n<li><strong>\u00c9vitez les torsions<\/strong>. Si vous devez changer d\u2019orientation, tournez tout le corps (bassin + jambes), pas seulement le buste.<\/li>\n<li><strong>R\u00e9partissez le poids<\/strong> : deux sacs l\u00e9gers plut\u00f4t qu\u2019un \u00e9norme sac d\u2019un seul c\u00f4t\u00e9. Cela limite l\u2019inclinaison lat\u00e9rale de la colonne.<\/li>\n<li>Utilisez des aides : <strong>chariot de courses<\/strong>, diable pliant, sac \u00e0 dos ergonomique, poign\u00e9es de portage r\u00e9glables.<\/li>\n<\/ul>\n<p>R\u00e9sumons : un dos actif et bien sollicit\u00e9 devient un dos solide. C\u2019est l\u2019inactivit\u00e9 prolong\u00e9e qui rend le dos vuln\u00e9rable, pas le fait de vivre, porter, bouger.<\/p>\n<h2>3. \u00ab Le mal de dos, c\u2019est dans la t\u00eate \u00bb<\/h2>\n<h3>Ce qu\u2019on croit<\/h3>\n<p>On dit parfois \u00e0 une personne douloureuse : \u00ab Tu stresses trop \u00bb, \u00ab Tu somatises \u00bb, \u00ab Tu dramatises \u00bb, ou pire : \u00ab Tu inventes \u00bb. Cela laisse entendre que la <strong>douleur dorsale<\/strong> ne serait pas \u201cvraie\u201d, mais imaginaire ou psychologique.<\/p>\n<h3>La r\u00e9alit\u00e9<\/h3>\n<p>Le <strong>mal de dos<\/strong> est une douleur r\u00e9elle. Elle peut \u00eatre m\u00e9canique (contracture musculaire, irritation articulaire, surcharge locale), inflammatoire, neurologique (nerf irrit\u00e9), ou <strong>tensionnelle<\/strong>. Ce dernier point est essentiel : oui, le <strong>stress chronique<\/strong> et les <strong>\u00e9motions<\/strong> jouent un r\u00f4le dans la douleur du dos. Mais cela ne rend pas la douleur \u201cfausse\u201d. Au contraire, cela prouve que le corps et le mental coop\u00e8rent.<\/p>\n<p>Le stress stimule le syst\u00e8me nerveux d\u2019alerte, contracte les muscles du haut du dos, verrouille la respiration (diaphragme tendu) et augmente la perception douloureuse. R\u00e9sultat : plus de crispation, plus de raideur, plus de <strong>douleur musculaire dans le dos<\/strong>. L\u2019Inserm rappelle que les facteurs psychosociaux (fatigue, pression au travail, anxi\u00e9t\u00e9) peuvent entretenir une <strong>lombalgie chronique<\/strong>, mais ils ne \u201ccr\u00e9ent pas\u201d la douleur \u00e0 partir de rien.<\/p>\n<h3>Comment agir intelligemment<\/h3>\n<ul>\n<li>Travailler le rel\u00e2chement musculaire (\u00e9tirements doux, automassages, respiration diaphragmatique).<\/li>\n<li>Apprendre \u00e0 mieux g\u00e9rer la charge mentale : pauses, respiration lente, coh\u00e9rence cardiaque.<\/li>\n<li>Bouger r\u00e9guli\u00e8rement pour casser le cycle tension \u2192 douleur \u2192 re-tension.<\/li>\n<li>Si besoin, demander un accompagnement (kin\u00e9sith\u00e9rapeute, ost\u00e9o, sophrologue, psychologue corporel). Prendre en charge le stress, c\u2019est prendre en charge le dos.<\/li>\n<\/ul>\n<p>Dire \u00ab c\u2019est dans la t\u00eate \u00bb est faux et culpabilisant. Dire \u00ab le stress majore la douleur et je peux agir dessus \u00bb est vrai et lib\u00e9rateur.<\/p>\n<h2>4. \u00ab Une radio ou un scanner suffit \u00e0 expliquer la douleur \u00bb<\/h2>\n<h3>Ce qu\u2019on croit<\/h3>\n<p>Beaucoup pensent qu\u2019en faisant une <strong>IRM du dos<\/strong>, un scanner ou une radio, on va enfin \u201cvoir le probl\u00e8me\u201d, et donc comprendre d\u2019o\u00f9 vient la douleur. On imagine que l\u2019image est la v\u00e9rit\u00e9 ultime.<\/p>\n<h3>La r\u00e9alit\u00e9<\/h3>\n<p>Dans la plupart des cas, une imagerie n\u2019est pas utile, et parfois elle est m\u00eame trompeuse. Les recommandations de la Haute Autorit\u00e9 de Sant\u00e9 sont tr\u00e8s claires : on ne demande pas d\u2019IRM pour une <strong>lombalgie commune<\/strong> qui dure depuis quelques jours ou quelques semaines, tant qu\u2019il n\u2019y a pas de signe d\u2019alerte (fi\u00e8vre, perte de force dans une jambe, chute r\u00e9cente s\u00e9v\u00e8re, etc.).<\/p>\n<p>Pourquoi ? Parce que les anomalies visibles sont parfois\u2026 normales.<\/p>\n<ul>\n<li>Beaucoup d\u2019adultes ont des signes de <strong>d\u00e9g\u00e9n\u00e9rescence discale<\/strong> \u00e0 l\u2019IRM (disques un peu \u201caplatis\u201d), sans douleur.<\/li>\n<li>On trouve aussi des <strong>her nies discales asymptomatiques<\/strong>, c\u2019est-\u00e0-dire parfaitement indolores.<\/li>\n<\/ul>\n<p>Autrement dit : <strong>une image \u201cab\u00eem\u00e9e\u201d n\u2019est pas forc\u00e9ment une source de douleur<\/strong>, et l\u2019inverse est vrai aussi : on peut avoir tr\u00e8s mal sans rien de spectaculaire \u00e0 l\u2019imagerie.<\/p>\n<h3>Ce qu\u2019il faut faire \u00e0 la place<\/h3>\n<ul>\n<li>Passer par un examen clinique s\u00e9rieux : posture, amplitude de mouvement, force musculaire, ant\u00e9c\u00e9dents.<\/li>\n<li>Surveiller les signes qui n\u00e9cessitent un avis m\u00e9dical rapide : perte de sensibilit\u00e9, faiblesse marqu\u00e9e d\u2019un membre, traumatisme important, fi\u00e8vre inexpliqu\u00e9e.<\/li>\n<li>Accepter qu\u2019une partie du <strong>mal de dos<\/strong> est fonctionnelle (musculaire, posturale, tensionnelle) et ne \u201cs\u2019imprime\u201d pas toujours sur une image.<\/li>\n<\/ul>\n<p>L\u2019imagerie reste indispensable dans certains cas (suspicion de sciatique s\u00e9v\u00e8re, compression nerveuse importante, traumatisme). Mais elle ne doit pas devenir un r\u00e9flexe automatique d\u00e8s qu\u2019on a mal aux lombaires.<\/p>\n<h2>5. \u00ab Le mal de dos est une fatalit\u00e9 \u00bb<\/h2>\n<h3>Ce qu\u2019on croit<\/h3>\n<p>\u201cC\u2019est l\u2019\u00e2ge.\u201d \u201cC\u2019est comme \u00e7a dans la famille.\u201d \u201cTout le monde finit par avoir mal au dos.\u201d Cette id\u00e9e cr\u00e9e une r\u00e9signation dangereuse : on finit par penser qu\u2019on ne peut rien faire, donc on ne fait rien\u2026 Et la douleur devient chronique.<\/p>\n<h3>La r\u00e9alit\u00e9<\/h3>\n<p>Dans plus de 90 % des cas, la <strong>douleur lombaire<\/strong> est b\u00e9nigne et am\u00e9liorable. Le dos peut gu\u00e9rir, se renforcer, retrouver de la mobilit\u00e9. Il n\u2019est pas condamn\u00e9 \u00e0 souffrir. Les facteurs qui prot\u00e8gent le mieux le dos sont d\u2019ailleurs connus \u2014 et atteignables.<\/p>\n<h3>Ce qui prot\u00e8ge vraiment le dos \u00e0 long terme<\/h3>\n<ul>\n<li><strong>L\u2019activit\u00e9 physique r\u00e9guli\u00e8re<\/strong> : marche, v\u00e9lo doux, natation, Pilates, yoga. Le mouvement entretient la souplesse et renforce les muscles profonds du tronc (abdominaux profonds, fessiers, lombaires).<\/li>\n<li><strong>Une bonne ergonomie au travail<\/strong> : utiliser une <strong>chaise de bureau ergonomique<\/strong> avec <strong>soutien lombaire<\/strong>, placer l\u2019\u00e9cran \u00e0 hauteur des yeux, utiliser un <strong>repose-pieds<\/strong> si besoin, faire des pauses actives toutes les 45 minutes.<\/li>\n<li><strong>Un sommeil qui respecte le dos<\/strong> : matelas ni trop mou ni trop dur, oreiller adapt\u00e9 \u00e0 votre position de sommeil, id\u00e9alement un bon alignement t\u00eate-nuque-colonne.<\/li>\n<li><strong>La gestion du stress<\/strong> : respiration profonde, pauses conscientes, rel\u00e2chement volontaire des \u00e9paules et des trap\u00e8zes plusieurs fois par jour. Le stress chronique est un carburant pour la tension musculaire.<\/li>\n<\/ul>\n<p>Le message est clair : la douleur dorsale est fr\u00e9quente, mais elle n\u2019est pas in\u00e9vitable. Vous avez des leviers d\u2019action puissants. Le <strong>mal de dos<\/strong> n\u2019est pas une identit\u00e9. Ce n\u2019est pas une condamnation \u00e0 vie. C\u2019est un signal qui demande une meilleure hygi\u00e8ne posturale, musculaire, \u00e9motionnelle.<\/p>\n<h2>R\u00e9sum\u00e9 : id\u00e9es re\u00e7ues vs r\u00e9alit\u00e9<\/h2>\n<table border=\"1\" cellspacing=\"0\" cellpadding=\"8\">\n<thead>\n<tr>\n<th>Croyance<\/th>\n<th>R\u00e9alit\u00e9<\/th>\n<\/tr>\n<\/thead>\n<tbody>\n<tr>\n<td>Il faut se reposer quand on a mal au dos<\/td>\n<td>Le <strong>mouvement doux<\/strong> acc\u00e9l\u00e8re la gu\u00e9rison et r\u00e9duit le risque de r\u00e9cidive<\/td>\n<\/tr>\n<tr>\n<td>Porter lourd ab\u00eeme le dos<\/td>\n<td>Porter mal, oui. Porter correctement prot\u00e8ge et renforce le <strong>dos<\/strong><\/td>\n<\/tr>\n<tr>\n<td>Le mal de dos, c\u2019est dans la t\u00eate<\/td>\n<td>Le <strong>stress<\/strong> amplifie la douleur, mais la douleur est bien r\u00e9elle<\/td>\n<\/tr>\n<tr>\n<td>Une radio expliquera tout<\/td>\n<td>Les images ne disent pas toujours d\u2019o\u00f9 vient la <strong>douleur lombaire<\/strong><\/td>\n<\/tr>\n<tr>\n<td>Le mal de dos est une fatalit\u00e9<\/td>\n<td>Non : pr\u00e9vention, mouvement, ergonomie et gestion du stress changent tout<\/td>\n<\/tr>\n<\/tbody>\n<\/table>\n<h2>Conclusion<\/h2>\n<p>La plupart des croyances autour du <strong>mal de dos<\/strong> viennent d\u2019une \u00e9poque o\u00f9 l\u2019on voyait le corps comme une machine fragile. Aujourd\u2019hui, on sait que le dos est fort, adaptable, r\u00e9cup\u00e9rable \u2014 \u00e0 condition de l\u2019\u00e9couter, de le bouger, de le renforcer et de respecter certains principes d\u2019ergonomie au quotidien.<\/p>\n<p>Le repos absolu n\u2019est pas la solution. La peur du mouvement entretient la douleur. L\u2019imagerie n\u2019est pas toujours n\u00e9cessaire. Et non, vous n\u2019\u00eates pas condamn\u00e9 \u00e0 vivre avec une <strong>douleur lombaire chronique<\/strong>.<\/p>\n<p>Le dos n\u2019a pas besoin de peur. Il a besoin de mouvement, d\u2019attention et de confiance. C\u2019est \u00e7a, le vrai changement de culture.<\/p>\n<h2>Sources<\/h2>\n<ul>\n<li>Haute Autorit\u00e9 de Sant\u00e9 (HAS), \u00ab Lombalgie commune de l\u2019adulte \u2013 recommandations de pratique clinique \u00bb, 2021.<\/li>\n<li>Inserm, \u00ab Douleurs chroniques et facteurs psychosociaux \u00bb, 2019.<\/li>\n<li>INRS, \u00ab Pr\u00e9vention des troubles musculo-squelettiques li\u00e9s au port de charges \u00bb, 2020.<\/li>\n<li>Organisation mondiale de la Sant\u00e9 (OMS), \u00ab Pr\u00e9vention des lombalgies au travail \u00bb, 2022.<\/li>\n<li>British Medical Journal (BMJ), \u00ab Bed rest versus exercise for low back pain \u00bb, 2001.<\/li>\n<\/ul>\n","protected":false},"excerpt":{"rendered":"<p>Le mal de dos est si fr\u00e9quent qu\u2019on l\u2019appelle souvent \u00ab le mal du si\u00e8cle \u00bb. En France, pr\u00e8s de 8 personnes sur 10 en souffriront au moins une fois dans leur vie. Pourtant, m\u00eame si la douleur lombaire est courante, elle reste tr\u00e8s mal comprise. R\u00e9sultat : des conseils contradictoires, des injonctions culpabilisantes (\u00ab&hellip;<\/p>\n","protected":false},"author":14,"featured_media":1131,"comment_status":"closed","ping_status":"open","sticky":false,"template":"","format":"standard","meta":{"_acf_changed":false,"footnotes":""},"categories":[8],"tags":[],"class_list":["post-1128","post","type-post","status-publish","format-standard","has-post-thumbnail","hentry","category-le-mal-de-dos-au-quotidien"],"acf":[],"yoast_head":"<!-- This site is optimized with the Yoast SEO plugin v27.5 - https:\/\/yoast.com\/product\/yoast-seo-wordpress\/ -->\n<title>Les 5 fausses croyances les plus r\u00e9pandues sur le mal de dos<\/title>\n<meta name=\"description\" content=\"Mal de dos : les id\u00e9es re\u00e7ues qui font plus de mal que de bien. Repos, port de charge, imagerie m\u00e9dicale, stress, fatalit\u00e9...\" \/>\n<meta name=\"robots\" content=\"index, follow, max-snippet:-1, max-image-preview:large, max-video-preview:-1\" \/>\n<link rel=\"canonical\" href=\"https:\/\/www.laboutiquedudos.com\/blog\/le-mal-de-dos-au-quotidien\/5-fausses-croyances-repandues-mal-dos\/\" \/>\n<meta property=\"og:locale\" content=\"fr_FR\" \/>\n<meta property=\"og:type\" content=\"article\" \/>\n<meta property=\"og:title\" content=\"Les 5 fausses croyances les plus r\u00e9pandues sur le mal de dos\" \/>\n<meta property=\"og:description\" content=\"Mal de dos : les id\u00e9es re\u00e7ues qui font plus de mal que de bien. Repos, port de charge, imagerie m\u00e9dicale, stress, fatalit\u00e9...\" \/>\n<meta property=\"og:url\" content=\"https:\/\/www.laboutiquedudos.com\/blog\/le-mal-de-dos-au-quotidien\/5-fausses-croyances-repandues-mal-dos\/\" \/>\n<meta property=\"og:site_name\" content=\"La Boutique du dos - Blog\" \/>\n<meta property=\"article:published_time\" content=\"2025-12-03T10:26:56+00:00\" \/>\n<meta property=\"og:image\" content=\"https:\/\/www.laboutiquedudos.com\/blog\/wp-content\/uploads\/2025\/11\/fausses-croyances-mal-dos.jpg\" \/>\n\t<meta property=\"og:image:width\" content=\"1536\" \/>\n\t<meta property=\"og:image:height\" content=\"1024\" \/>\n\t<meta property=\"og:image:type\" content=\"image\/jpeg\" \/>\n<meta name=\"author\" content=\"Helene ceciaa.com@gmail.com\" \/>\n<meta name=\"twitter:card\" content=\"summary_large_image\" \/>\n<meta name=\"twitter:label1\" content=\"\u00c9crit par\" \/>\n\t<meta name=\"twitter:data1\" content=\"Helene ceciaa.com@gmail.com\" \/>\n\t<meta name=\"twitter:label2\" content=\"Dur\u00e9e de lecture estim\u00e9e\" \/>\n\t<meta name=\"twitter:data2\" content=\"9 minutes\" \/>\n<script type=\"application\/ld+json\" class=\"yoast-schema-graph\">{\"@context\":\"https:\\\/\\\/schema.org\",\"@graph\":[{\"@type\":\"Article\",\"@id\":\"https:\\\/\\\/www.laboutiquedudos.com\\\/blog\\\/le-mal-de-dos-au-quotidien\\\/5-fausses-croyances-repandues-mal-dos\\\/#article\",\"isPartOf\":{\"@id\":\"https:\\\/\\\/www.laboutiquedudos.com\\\/blog\\\/le-mal-de-dos-au-quotidien\\\/5-fausses-croyances-repandues-mal-dos\\\/\"},\"author\":{\"name\":\"Helene ceciaa.com@gmail.com\",\"@id\":\"https:\\\/\\\/www.laboutiquedudos.com\\\/blog\\\/#\\\/schema\\\/person\\\/3b5312ded7554ea20fa241ba5b202696\"},\"headline\":\"Les 5 fausses croyances les plus r\u00e9pandues sur le mal de dos\",\"datePublished\":\"2025-12-03T10:26:56+00:00\",\"mainEntityOfPage\":{\"@id\":\"https:\\\/\\\/www.laboutiquedudos.com\\\/blog\\\/le-mal-de-dos-au-quotidien\\\/5-fausses-croyances-repandues-mal-dos\\\/\"},\"wordCount\":1883,\"image\":{\"@id\":\"https:\\\/\\\/www.laboutiquedudos.com\\\/blog\\\/le-mal-de-dos-au-quotidien\\\/5-fausses-croyances-repandues-mal-dos\\\/#primaryimage\"},\"thumbnailUrl\":\"https:\\\/\\\/www.laboutiquedudos.com\\\/blog\\\/wp-content\\\/uploads\\\/2025\\\/11\\\/fausses-croyances-mal-dos.jpg\",\"articleSection\":[\"Le mal de dos au quotidien\"],\"inLanguage\":\"fr-FR\"},{\"@type\":\"WebPage\",\"@id\":\"https:\\\/\\\/www.laboutiquedudos.com\\\/blog\\\/le-mal-de-dos-au-quotidien\\\/5-fausses-croyances-repandues-mal-dos\\\/\",\"url\":\"https:\\\/\\\/www.laboutiquedudos.com\\\/blog\\\/le-mal-de-dos-au-quotidien\\\/5-fausses-croyances-repandues-mal-dos\\\/\",\"name\":\"Les 5 fausses croyances les plus r\u00e9pandues sur le mal de dos\",\"isPartOf\":{\"@id\":\"https:\\\/\\\/www.laboutiquedudos.com\\\/blog\\\/#website\"},\"primaryImageOfPage\":{\"@id\":\"https:\\\/\\\/www.laboutiquedudos.com\\\/blog\\\/le-mal-de-dos-au-quotidien\\\/5-fausses-croyances-repandues-mal-dos\\\/#primaryimage\"},\"image\":{\"@id\":\"https:\\\/\\\/www.laboutiquedudos.com\\\/blog\\\/le-mal-de-dos-au-quotidien\\\/5-fausses-croyances-repandues-mal-dos\\\/#primaryimage\"},\"thumbnailUrl\":\"https:\\\/\\\/www.laboutiquedudos.com\\\/blog\\\/wp-content\\\/uploads\\\/2025\\\/11\\\/fausses-croyances-mal-dos.jpg\",\"datePublished\":\"2025-12-03T10:26:56+00:00\",\"author\":{\"@id\":\"https:\\\/\\\/www.laboutiquedudos.com\\\/blog\\\/#\\\/schema\\\/person\\\/3b5312ded7554ea20fa241ba5b202696\"},\"description\":\"Mal de dos : les id\u00e9es re\u00e7ues qui font plus de mal que de bien. Repos, port de charge, imagerie m\u00e9dicale, stress, fatalit\u00e9...\",\"breadcrumb\":{\"@id\":\"https:\\\/\\\/www.laboutiquedudos.com\\\/blog\\\/le-mal-de-dos-au-quotidien\\\/5-fausses-croyances-repandues-mal-dos\\\/#breadcrumb\"},\"inLanguage\":\"fr-FR\",\"potentialAction\":[{\"@type\":\"ReadAction\",\"target\":[\"https:\\\/\\\/www.laboutiquedudos.com\\\/blog\\\/le-mal-de-dos-au-quotidien\\\/5-fausses-croyances-repandues-mal-dos\\\/\"]}]},{\"@type\":\"ImageObject\",\"inLanguage\":\"fr-FR\",\"@id\":\"https:\\\/\\\/www.laboutiquedudos.com\\\/blog\\\/le-mal-de-dos-au-quotidien\\\/5-fausses-croyances-repandues-mal-dos\\\/#primaryimage\",\"url\":\"https:\\\/\\\/www.laboutiquedudos.com\\\/blog\\\/wp-content\\\/uploads\\\/2025\\\/11\\\/fausses-croyances-mal-dos.jpg\",\"contentUrl\":\"https:\\\/\\\/www.laboutiquedudos.com\\\/blog\\\/wp-content\\\/uploads\\\/2025\\\/11\\\/fausses-croyances-mal-dos.jpg\",\"width\":1536,\"height\":1024,\"caption\":\"Mal de dos et fausses croyances - Image g\u00e9n\u00e9r\u00e9e par IA\"},{\"@type\":\"BreadcrumbList\",\"@id\":\"https:\\\/\\\/www.laboutiquedudos.com\\\/blog\\\/le-mal-de-dos-au-quotidien\\\/5-fausses-croyances-repandues-mal-dos\\\/#breadcrumb\",\"itemListElement\":[{\"@type\":\"ListItem\",\"position\":1,\"name\":\"Accueil\",\"item\":\"https:\\\/\\\/www.laboutiquedudos.com\\\/blog\\\/\"},{\"@type\":\"ListItem\",\"position\":2,\"name\":\"Les 5 fausses croyances les plus r\u00e9pandues sur le mal de dos\"}]},{\"@type\":\"WebSite\",\"@id\":\"https:\\\/\\\/www.laboutiquedudos.com\\\/blog\\\/#website\",\"url\":\"https:\\\/\\\/www.laboutiquedudos.com\\\/blog\\\/\",\"name\":\"La Boutique du dos - Blog\",\"description\":\"\",\"potentialAction\":[{\"@type\":\"SearchAction\",\"target\":{\"@type\":\"EntryPoint\",\"urlTemplate\":\"https:\\\/\\\/www.laboutiquedudos.com\\\/blog\\\/?s={search_term_string}\"},\"query-input\":{\"@type\":\"PropertyValueSpecification\",\"valueRequired\":true,\"valueName\":\"search_term_string\"}}],\"inLanguage\":\"fr-FR\"},{\"@type\":\"Person\",\"@id\":\"https:\\\/\\\/www.laboutiquedudos.com\\\/blog\\\/#\\\/schema\\\/person\\\/3b5312ded7554ea20fa241ba5b202696\",\"name\":\"Helene ceciaa.com@gmail.com\",\"image\":{\"@type\":\"ImageObject\",\"inLanguage\":\"fr-FR\",\"@id\":\"https:\\\/\\\/secure.gravatar.com\\\/avatar\\\/a21d6fe7e97c7e5e4519261060048daac77a3c9f903386ffe720413c8f2611e0?s=96&d=mm&r=g\",\"url\":\"https:\\\/\\\/secure.gravatar.com\\\/avatar\\\/a21d6fe7e97c7e5e4519261060048daac77a3c9f903386ffe720413c8f2611e0?s=96&d=mm&r=g\",\"contentUrl\":\"https:\\\/\\\/secure.gravatar.com\\\/avatar\\\/a21d6fe7e97c7e5e4519261060048daac77a3c9f903386ffe720413c8f2611e0?s=96&d=mm&r=g\",\"caption\":\"Helene ceciaa.com@gmail.com\"},\"url\":\"https:\\\/\\\/www.laboutiquedudos.com\\\/blog\\\/author\\\/helene\\\/\"}]}<\/script>\n<!-- \/ Yoast SEO plugin. -->","yoast_head_json":{"title":"Les 5 fausses croyances les plus r\u00e9pandues sur le mal de dos","description":"Mal de dos : les id\u00e9es re\u00e7ues qui font plus de mal que de bien. Repos, port de charge, imagerie m\u00e9dicale, stress, fatalit\u00e9...","robots":{"index":"index","follow":"follow","max-snippet":"max-snippet:-1","max-image-preview":"max-image-preview:large","max-video-preview":"max-video-preview:-1"},"canonical":"https:\/\/www.laboutiquedudos.com\/blog\/le-mal-de-dos-au-quotidien\/5-fausses-croyances-repandues-mal-dos\/","og_locale":"fr_FR","og_type":"article","og_title":"Les 5 fausses croyances les plus r\u00e9pandues sur le mal de dos","og_description":"Mal de dos : les id\u00e9es re\u00e7ues qui font plus de mal que de bien. Repos, port de charge, imagerie m\u00e9dicale, stress, fatalit\u00e9...","og_url":"https:\/\/www.laboutiquedudos.com\/blog\/le-mal-de-dos-au-quotidien\/5-fausses-croyances-repandues-mal-dos\/","og_site_name":"La Boutique du dos - Blog","article_published_time":"2025-12-03T10:26:56+00:00","og_image":[{"width":1536,"height":1024,"url":"https:\/\/www.laboutiquedudos.com\/blog\/wp-content\/uploads\/2025\/11\/fausses-croyances-mal-dos.jpg","type":"image\/jpeg"}],"author":"Helene ceciaa.com@gmail.com","twitter_card":"summary_large_image","twitter_misc":{"\u00c9crit par":"Helene ceciaa.com@gmail.com","Dur\u00e9e de lecture estim\u00e9e":"9 minutes"},"schema":{"@context":"https:\/\/schema.org","@graph":[{"@type":"Article","@id":"https:\/\/www.laboutiquedudos.com\/blog\/le-mal-de-dos-au-quotidien\/5-fausses-croyances-repandues-mal-dos\/#article","isPartOf":{"@id":"https:\/\/www.laboutiquedudos.com\/blog\/le-mal-de-dos-au-quotidien\/5-fausses-croyances-repandues-mal-dos\/"},"author":{"name":"Helene ceciaa.com@gmail.com","@id":"https:\/\/www.laboutiquedudos.com\/blog\/#\/schema\/person\/3b5312ded7554ea20fa241ba5b202696"},"headline":"Les 5 fausses croyances les plus r\u00e9pandues sur le mal de dos","datePublished":"2025-12-03T10:26:56+00:00","mainEntityOfPage":{"@id":"https:\/\/www.laboutiquedudos.com\/blog\/le-mal-de-dos-au-quotidien\/5-fausses-croyances-repandues-mal-dos\/"},"wordCount":1883,"image":{"@id":"https:\/\/www.laboutiquedudos.com\/blog\/le-mal-de-dos-au-quotidien\/5-fausses-croyances-repandues-mal-dos\/#primaryimage"},"thumbnailUrl":"https:\/\/www.laboutiquedudos.com\/blog\/wp-content\/uploads\/2025\/11\/fausses-croyances-mal-dos.jpg","articleSection":["Le mal de dos au quotidien"],"inLanguage":"fr-FR"},{"@type":"WebPage","@id":"https:\/\/www.laboutiquedudos.com\/blog\/le-mal-de-dos-au-quotidien\/5-fausses-croyances-repandues-mal-dos\/","url":"https:\/\/www.laboutiquedudos.com\/blog\/le-mal-de-dos-au-quotidien\/5-fausses-croyances-repandues-mal-dos\/","name":"Les 5 fausses croyances les plus r\u00e9pandues sur le mal de dos","isPartOf":{"@id":"https:\/\/www.laboutiquedudos.com\/blog\/#website"},"primaryImageOfPage":{"@id":"https:\/\/www.laboutiquedudos.com\/blog\/le-mal-de-dos-au-quotidien\/5-fausses-croyances-repandues-mal-dos\/#primaryimage"},"image":{"@id":"https:\/\/www.laboutiquedudos.com\/blog\/le-mal-de-dos-au-quotidien\/5-fausses-croyances-repandues-mal-dos\/#primaryimage"},"thumbnailUrl":"https:\/\/www.laboutiquedudos.com\/blog\/wp-content\/uploads\/2025\/11\/fausses-croyances-mal-dos.jpg","datePublished":"2025-12-03T10:26:56+00:00","author":{"@id":"https:\/\/www.laboutiquedudos.com\/blog\/#\/schema\/person\/3b5312ded7554ea20fa241ba5b202696"},"description":"Mal de dos : les id\u00e9es re\u00e7ues qui font plus de mal que de bien. Repos, port de charge, imagerie m\u00e9dicale, stress, fatalit\u00e9...","breadcrumb":{"@id":"https:\/\/www.laboutiquedudos.com\/blog\/le-mal-de-dos-au-quotidien\/5-fausses-croyances-repandues-mal-dos\/#breadcrumb"},"inLanguage":"fr-FR","potentialAction":[{"@type":"ReadAction","target":["https:\/\/www.laboutiquedudos.com\/blog\/le-mal-de-dos-au-quotidien\/5-fausses-croyances-repandues-mal-dos\/"]}]},{"@type":"ImageObject","inLanguage":"fr-FR","@id":"https:\/\/www.laboutiquedudos.com\/blog\/le-mal-de-dos-au-quotidien\/5-fausses-croyances-repandues-mal-dos\/#primaryimage","url":"https:\/\/www.laboutiquedudos.com\/blog\/wp-content\/uploads\/2025\/11\/fausses-croyances-mal-dos.jpg","contentUrl":"https:\/\/www.laboutiquedudos.com\/blog\/wp-content\/uploads\/2025\/11\/fausses-croyances-mal-dos.jpg","width":1536,"height":1024,"caption":"Mal de dos et fausses croyances - Image g\u00e9n\u00e9r\u00e9e par IA"},{"@type":"BreadcrumbList","@id":"https:\/\/www.laboutiquedudos.com\/blog\/le-mal-de-dos-au-quotidien\/5-fausses-croyances-repandues-mal-dos\/#breadcrumb","itemListElement":[{"@type":"ListItem","position":1,"name":"Accueil","item":"https:\/\/www.laboutiquedudos.com\/blog\/"},{"@type":"ListItem","position":2,"name":"Les 5 fausses croyances les plus r\u00e9pandues sur le mal de dos"}]},{"@type":"WebSite","@id":"https:\/\/www.laboutiquedudos.com\/blog\/#website","url":"https:\/\/www.laboutiquedudos.com\/blog\/","name":"La Boutique du dos - Blog","description":"","potentialAction":[{"@type":"SearchAction","target":{"@type":"EntryPoint","urlTemplate":"https:\/\/www.laboutiquedudos.com\/blog\/?s={search_term_string}"},"query-input":{"@type":"PropertyValueSpecification","valueRequired":true,"valueName":"search_term_string"}}],"inLanguage":"fr-FR"},{"@type":"Person","@id":"https:\/\/www.laboutiquedudos.com\/blog\/#\/schema\/person\/3b5312ded7554ea20fa241ba5b202696","name":"Helene ceciaa.com@gmail.com","image":{"@type":"ImageObject","inLanguage":"fr-FR","@id":"https:\/\/secure.gravatar.com\/avatar\/a21d6fe7e97c7e5e4519261060048daac77a3c9f903386ffe720413c8f2611e0?s=96&d=mm&r=g","url":"https:\/\/secure.gravatar.com\/avatar\/a21d6fe7e97c7e5e4519261060048daac77a3c9f903386ffe720413c8f2611e0?s=96&d=mm&r=g","contentUrl":"https:\/\/secure.gravatar.com\/avatar\/a21d6fe7e97c7e5e4519261060048daac77a3c9f903386ffe720413c8f2611e0?s=96&d=mm&r=g","caption":"Helene ceciaa.com@gmail.com"},"url":"https:\/\/www.laboutiquedudos.com\/blog\/author\/helene\/"}]}},"_links":{"self":[{"href":"https:\/\/www.laboutiquedudos.com\/blog\/wp-json\/wp\/v2\/posts\/1128","targetHints":{"allow":["GET"]}}],"collection":[{"href":"https:\/\/www.laboutiquedudos.com\/blog\/wp-json\/wp\/v2\/posts"}],"about":[{"href":"https:\/\/www.laboutiquedudos.com\/blog\/wp-json\/wp\/v2\/types\/post"}],"author":[{"embeddable":true,"href":"https:\/\/www.laboutiquedudos.com\/blog\/wp-json\/wp\/v2\/users\/14"}],"replies":[{"embeddable":true,"href":"https:\/\/www.laboutiquedudos.com\/blog\/wp-json\/wp\/v2\/comments?post=1128"}],"version-history":[{"count":3,"href":"https:\/\/www.laboutiquedudos.com\/blog\/wp-json\/wp\/v2\/posts\/1128\/revisions"}],"predecessor-version":[{"id":1132,"href":"https:\/\/www.laboutiquedudos.com\/blog\/wp-json\/wp\/v2\/posts\/1128\/revisions\/1132"}],"wp:featuredmedia":[{"embeddable":true,"href":"https:\/\/www.laboutiquedudos.com\/blog\/wp-json\/wp\/v2\/media\/1131"}],"wp:attachment":[{"href":"https:\/\/www.laboutiquedudos.com\/blog\/wp-json\/wp\/v2\/media?parent=1128"}],"wp:term":[{"taxonomy":"category","embeddable":true,"href":"https:\/\/www.laboutiquedudos.com\/blog\/wp-json\/wp\/v2\/categories?post=1128"},{"taxonomy":"post_tag","embeddable":true,"href":"https:\/\/www.laboutiquedudos.com\/blog\/wp-json\/wp\/v2\/tags?post=1128"}],"curies":[{"name":"wp","href":"https:\/\/api.w.org\/{rel}","templated":true}]}}