{"id":1097,"date":"2025-10-15T11:28:06","date_gmt":"2025-10-15T09:28:06","guid":{"rendered":"https:\/\/www.laboutiquedudos.com\/blog\/?p=1097"},"modified":"2025-09-08T10:01:57","modified_gmt":"2025-09-08T08:01:57","slug":"mal-dos-seniors-conseils-preserver-mobilite","status":"publish","type":"post","link":"https:\/\/www.laboutiquedudos.com\/blog\/conseils\/mal-dos-seniors-conseils-preserver-mobilite\/","title":{"rendered":"Mal de dos chez les seniors : conseils pour pr\u00e9server la mobilit\u00e9"},"content":{"rendered":"<p>Un guide pratique pour soulager les <strong>douleurs lombaires<\/strong> et <strong>douleurs cervicales<\/strong>, adapter sa <strong>literie<\/strong> et son <strong>mobilier ergonomique<\/strong>, et rester actif en toute s\u00e9curit\u00e9 apr\u00e8s 60 ans.<\/p>\n<h2>Pourquoi le <strong>mal de dos<\/strong> augmente-t-il avec l\u2019\u00e2ge ?<\/h2>\n<p>Avec le temps, la colonne perd en \u00e9lasticit\u00e9, certains disques s\u2019affaissent et la masse musculaire diminue\u00a0: autant de facteurs qui favorisent <strong>lombalgies<\/strong>, <strong>cervicalgies<\/strong> et raideurs. Les habitudes de vie (s\u00e9dentarit\u00e9, position assise prolong\u00e9e, literie trop ferme ou trop molle) peuvent amplifier ces douleurs. La bonne nouvelle\u00a0: des ajustements simples et un \u00e9quipement adapt\u00e9 permettent de <strong>pr\u00e9server la mobilit\u00e9<\/strong> et de gagner en confort au quotidien.<\/p>\n<h2>Les causes fr\u00e9quentes du mal de dos chez les seniors<\/h2>\n<h3>Vieillissement des disques et des articulations<\/h3>\n<p>Les disques intervert\u00e9braux se d\u00e9shydratent et absorbent moins bien les chocs. Les petites articulations post\u00e9rieures peuvent devenir douloureuses, surtout en station debout prolong\u00e9e.<\/p>\n<h3>Arthrose et raideur<\/h3>\n<p>L\u2019arthrose lombaire ou cervicale engendre douleurs m\u00e9caniques, parfois avec irradiation. Le mouvement doux et r\u00e9gulier demeure un alli\u00e9 majeur.<\/p>\n<h3>Perte de masse musculaire (sarcop\u00e9nie)<\/h3>\n<p>Un dos bien soutenu repose sur une sangle abdominale et des muscles paravert\u00e9braux actifs. Sans entretien, la posture s\u2019affaisse et la douleur s\u2019installe.<\/p>\n<h3>Habitudes de vie et environnement<\/h3>\n<p>Chaise trop basse, canap\u00e9 affaiss\u00e9, oreiller inadapt\u00e9, manque d\u2019activit\u00e9\u00a0: ces \u00e9l\u00e9ments p\u00e8sent lourd sur la <strong>sant\u00e9 du dos<\/strong>. Heureusement, ils se corrigent.<\/p>\n<h2>Rester actif\u00a0: les <strong>activit\u00e9s douces<\/strong> qui soulagent<\/h2>\n<p>Le repos prolong\u00e9 entretient la raideur. Des mouvements r\u00e9guliers, \u00e0 intensit\u00e9 mod\u00e9r\u00e9e, nourrissent les articulations et entretiennent la musculature.<\/p>\n<ul>\n<li><strong>Marche<\/strong>\u00a0: 20\u201340\u00a0min par jour, fractionn\u00e9es si besoin.<\/li>\n<li><strong>Natation \/ Aquagym<\/strong>\u00a0: la pouss\u00e9e de l\u2019eau r\u00e9duit la charge sur la colonne.<\/li>\n<li><strong>Gym douce \/ Pilates<\/strong>\u00a0: renforce la sangle abdominale et stabilise le bassin.<\/li>\n<li><strong>Yoga senior<\/strong>\u00a0: postures adapt\u00e9es et respiration pour assouplir et d\u00e9tendre.<\/li>\n<li><strong>Renforcement l\u00e9ger<\/strong>\u00a0: bandes \u00e9lastiques, petits halt\u00e8res, gainage adapt\u00e9.<\/li>\n<\/ul>\n<p><strong>Conseil s\u00e9curit\u00e9<\/strong>\u00a0: commencer progressivement, \u00e9viter la douleur vive, privil\u00e9gier la r\u00e9gularit\u00e9 (3 \u00e0 5 s\u00e9ances\/sem.) et s\u2019\u00e9chauffer 5\u00a0minutes.<\/p>\n<h2>Les bons gestes du quotidien pour prot\u00e9ger son dos<\/h2>\n<ul>\n<li><strong>Se pencher<\/strong>\u00a0: plier les genoux, rapprocher la charge, dos neutre.<\/li>\n<li><strong>Porter<\/strong>\u00a0: charger l\u00e9ger, utiliser un chariot, r\u00e9partir sur deux sacs.<\/li>\n<li><strong>Alterner les positions<\/strong>\u00a0: assis\/debout\/marche toutes les 30\u201345\u00a0min.<\/li>\n<li><strong>Micro-pauses<\/strong>\u00a0: 60\u201390\u00a0s d\u2019\u00e9tirements ou respiration.<\/li>\n<li><strong>Respirer<\/strong>\u00a0: la respiration abdominale diminue la tension de fond.<\/li>\n<\/ul>\n<h2>Bien dormir pour mieux r\u00e9cup\u00e9rer\u00a0: choisir une <strong>literie<\/strong> adapt\u00e9e<\/h2>\n<h3>Matelas\u00a0: \u00e9quilibre entre soutien et accueil<\/h3>\n<p>Un bon matelas pour <strong>lombalgie<\/strong> doit soutenir sans s\u2019affaisser et r\u00e9partir les pressions. Les technologies \u00e0 <strong>mousse m\u00e9moire de forme<\/strong> ou ressorts ensach\u00e9s offrent souvent un bon compromis.<\/p>\n<ul>\n<li><strong>Ni trop ferme ni trop mou<\/strong>\u00a0: \u00e9viter points de pression et enfoncement.<\/li>\n<li><strong>Adapt\u00e9 \u00e0 votre morphologie<\/strong>\u00a0: gabarit, position de sommeil.<\/li>\n<li><strong>Hauteur de literie<\/strong>\u00a0: faciliter la lev\u00e9e pour plus d\u2019autonomie.<\/li>\n<\/ul>\n<h3>Oreiller\u00a0: l\u2019alli\u00e9 des <strong>douleurs cervicales<\/strong><\/h3>\n<p>Un <strong>oreiller ergonomique<\/strong> maintient la t\u00eate dans l\u2019axe et limite les rotations extr\u00eames. Choisir la hauteur selon gabarit et position (c\u00f4t\u00e9\/dos).<\/p>\n<h3>Positions de sommeil qui soulagent<\/h3>\n<ul>\n<li><strong>Sur le c\u00f4t\u00e9<\/strong>\u00a0: un coussin entre les genoux aligne bassin et colonne.<\/li>\n<li><strong>Sur le dos<\/strong>\u00a0: un coussin sous les genoux r\u00e9duit la tension lombaire.<\/li>\n<\/ul>\n<h2><strong>Mobilier ergonomique<\/strong>\u00a0: faciliter chaque geste<\/h2>\n<h3>Fauteuils et chaises<\/h3>\n<ul>\n<li><strong>Soutien lombaire<\/strong> pour respecter les courbures naturelles.<\/li>\n<li><strong>Assise<\/strong> ni trop molle ni trop basse pour se relever sans douleur.<\/li>\n<li><strong>Accoudoirs<\/strong> stables pour l\u2019appui des mains.<\/li>\n<\/ul>\n<h3>Si\u00e8ge de bureau et coin lecture<\/h3>\n<ul>\n<li><strong>Dossier<\/strong> r\u00e9glable, dos en contact, \u00e9paules rel\u00e2ch\u00e9es.<\/li>\n<li><strong>Hauteur d\u2019assise<\/strong>\u00a0: cuisses horizontales, pieds pos\u00e9s.<\/li>\n<li><strong>Repose-pieds<\/strong> si besoin pour \u00e9viter la bascule du bassin.<\/li>\n<\/ul>\n<h3>Accessoires utiles<\/h3>\n<ul>\n<li><strong>Coussin lombaire<\/strong> pour redessiner la lordose.<\/li>\n<li><strong>Rehausseur d\u2019assise<\/strong> pour gagner en hauteur.<\/li>\n<li><strong>Tables r\u00e9glables<\/strong> pour \u00e9viter de se courber en avant.<\/li>\n<\/ul>\n<h2>Programme hebdomadaire type<\/h2>\n<ul>\n<li><strong>Lundi<\/strong>\u00a0: marche 30\u00a0min + 5\u00a0min d\u2019\u00e9tirements.<\/li>\n<li><strong>Mardi<\/strong>\u00a0: renforcement l\u00e9ger 20\u00a0min (\u00e9lastique, gainage adapt\u00e9).<\/li>\n<li><strong>Mercredi<\/strong>\u00a0: repos actif (promenade, petites t\u00e2ches).<\/li>\n<li><strong>Jeudi<\/strong>\u00a0: yoga senior 30\u00a0min.<\/li>\n<li><strong>Vendredi<\/strong>\u00a0: natation ou aquagym 30\u00a0min.<\/li>\n<li><strong>Samedi<\/strong>\u00a0: marche 40\u00a0min terrain plat.<\/li>\n<li><strong>Dimanche<\/strong>\u00a0: relaxation, coh\u00e9rence cardiaque, automassages.<\/li>\n<\/ul>\n<p>Adapter dur\u00e9e et intensit\u00e9 \u00e0 la forme du jour. En cas de douleur aigu\u00eb, r\u00e9duire l\u2019intensit\u00e9 sans arr\u00eater toute mobilit\u00e9 (sauf avis m\u00e9dical).<\/p>\n<h2>G\u00e9rer le stress pour rel\u00e2cher le dos<\/h2>\n<p>Le stress accro\u00eet le tonus musculaire de fond et entretient la douleur. Int\u00e9grer 5\u00a0minutes de <strong>respiration abdominale<\/strong> ou de <strong>coh\u00e9rence cardiaque<\/strong> avant le coucher ou lors des pauses favorise la d\u00e9tente.<\/p>\n<h2>Quand consulter un professionnel\u00a0?<\/h2>\n<p>Consultez si la douleur est intense\/persistante, si elle irradie avec engourdissements ou faiblesse, apr\u00e8s traumatisme\/chute, ou en pr\u00e9sence de signaux d\u2019alerte (fi\u00e8vre, perte de poids, troubles sphinct\u00e9riens). Un avis m\u00e9dical permet de personnaliser exercices et \u00e9quipement.<\/p>\n<h2>FAQ \u2013 Seniors et <strong>mal de dos<\/strong><\/h2>\n<h3>Quel <strong>matelas<\/strong> choisir pour une <strong>lombalgie<\/strong> apr\u00e8s 60\u00a0ans\u00a0?<\/h3>\n<p>Un soutien ferme mais confortable, bonne r\u00e9partition des pressions (mousse m\u00e9moire de forme ou ressorts ensach\u00e9s). Ajuster la hauteur de literie pour faciliter la lev\u00e9e.<\/p>\n<h3>Un <strong>oreiller ergonomique<\/strong> peut-il soulager les <strong>douleurs cervicales<\/strong>\u00a0?<\/h3>\n<p>Oui, s\u2019il maintient la t\u00eate dans l\u2019axe. Choisir la hauteur selon gabarit et position (c\u00f4t\u00e9\/dos).<\/p>\n<h3>Quels <strong>exercices<\/strong> peut-on faire sans risque ?<\/h3>\n<p>Marche, aquagym, yoga senior et renforcement doux avec \u00e9lastiques. Commencer court, progresser graduellement, \u00e9viter les douleurs vives.<\/p>\n<h2>\u00c0 retenir<\/h2>\n<ul>\n<li>Rester actif \u00e0 intensit\u00e9 adapt\u00e9e est la meilleure pr\u00e9vention.<\/li>\n<li>La <strong>literie ergonomique<\/strong> et le <strong>mobilier ergonomique<\/strong> soulagent et facilitent chaque geste.<\/li>\n<li>Des <strong>gestes simples<\/strong> r\u00e9p\u00e9t\u00e9s chaque jour font baisser durablement la douleur.<\/li>\n<li>L\u2019avis d\u2019un professionnel guide la personnalisation.<\/li>\n<\/ul>\n","protected":false},"excerpt":{"rendered":"<p>Un guide pratique pour soulager les douleurs lombaires et douleurs cervicales, adapter sa literie et son mobilier ergonomique, et rester actif en toute s\u00e9curit\u00e9 apr\u00e8s 60 ans. Pourquoi le mal de dos augmente-t-il avec l\u2019\u00e2ge ? Avec le temps, la colonne perd en \u00e9lasticit\u00e9, certains disques s\u2019affaissent et la masse musculaire diminue\u00a0: autant de facteurs&hellip;<\/p>\n","protected":false},"author":14,"featured_media":1101,"comment_status":"closed","ping_status":"open","sticky":false,"template":"","format":"standard","meta":{"_acf_changed":false,"footnotes":""},"categories":[10],"tags":[],"class_list":["post-1097","post","type-post","status-publish","format-standard","has-post-thumbnail","hentry","category-conseils"],"acf":[],"yoast_head":"<!-- This site is optimized with the Yoast SEO plugin v27.5 - https:\/\/yoast.com\/product\/yoast-seo-wordpress\/ -->\n<title>Mal de dos chez les seniors : conseils concrets pour pr\u00e9server la mobilit\u00e9<\/title>\n<meta name=\"description\" content=\"Seniors : comment soulager le mal de dos et pr\u00e9server votre mobilit\u00e9 ? Activit\u00e9s douces, gestes du quotidien, literie et mobilier ergonomiques, oreillers cervicaux, conseils d\u2019ergonomie et pr\u00e9vention. Guide pratique pour lombalgies et cervicalgies.\" \/>\n<meta name=\"robots\" content=\"index, follow, max-snippet:-1, max-image-preview:large, max-video-preview:-1\" \/>\n<link rel=\"canonical\" href=\"https:\/\/www.laboutiquedudos.com\/blog\/conseils\/mal-dos-seniors-conseils-preserver-mobilite\/\" \/>\n<meta property=\"og:locale\" content=\"fr_FR\" \/>\n<meta property=\"og:type\" content=\"article\" \/>\n<meta property=\"og:title\" content=\"Mal de dos chez les seniors : conseils concrets pour pr\u00e9server la mobilit\u00e9\" \/>\n<meta property=\"og:description\" content=\"Seniors : comment soulager le mal de dos et pr\u00e9server votre mobilit\u00e9 ? Activit\u00e9s douces, gestes du quotidien, literie et mobilier ergonomiques, oreillers cervicaux, conseils d\u2019ergonomie et pr\u00e9vention. Guide pratique pour lombalgies et cervicalgies.\" \/>\n<meta property=\"og:url\" content=\"https:\/\/www.laboutiquedudos.com\/blog\/conseils\/mal-dos-seniors-conseils-preserver-mobilite\/\" \/>\n<meta property=\"og:site_name\" content=\"La Boutique du dos - Blog\" \/>\n<meta property=\"article:published_time\" content=\"2025-10-15T09:28:06+00:00\" \/>\n<meta property=\"og:image\" content=\"https:\/\/www.laboutiquedudos.com\/blog\/wp-content\/uploads\/2025\/10\/preserver-dos-seniors.jpg\" \/>\n\t<meta property=\"og:image:width\" content=\"1024\" \/>\n\t<meta property=\"og:image:height\" content=\"1024\" \/>\n\t<meta property=\"og:image:type\" content=\"image\/jpeg\" \/>\n<meta name=\"author\" content=\"Helene ceciaa.com@gmail.com\" \/>\n<meta name=\"twitter:card\" content=\"summary_large_image\" \/>\n<meta name=\"twitter:label1\" content=\"\u00c9crit par\" \/>\n\t<meta name=\"twitter:data1\" content=\"Helene ceciaa.com@gmail.com\" \/>\n\t<meta name=\"twitter:label2\" content=\"Dur\u00e9e de lecture estim\u00e9e\" \/>\n\t<meta name=\"twitter:data2\" content=\"5 minutes\" \/>\n<script type=\"application\/ld+json\" class=\"yoast-schema-graph\">{\"@context\":\"https:\\\/\\\/schema.org\",\"@graph\":[{\"@type\":\"Article\",\"@id\":\"https:\\\/\\\/www.laboutiquedudos.com\\\/blog\\\/conseils\\\/mal-dos-seniors-conseils-preserver-mobilite\\\/#article\",\"isPartOf\":{\"@id\":\"https:\\\/\\\/www.laboutiquedudos.com\\\/blog\\\/conseils\\\/mal-dos-seniors-conseils-preserver-mobilite\\\/\"},\"author\":{\"name\":\"Helene ceciaa.com@gmail.com\",\"@id\":\"https:\\\/\\\/www.laboutiquedudos.com\\\/blog\\\/#\\\/schema\\\/person\\\/3b5312ded7554ea20fa241ba5b202696\"},\"headline\":\"Mal de dos chez les seniors : conseils pour pr\u00e9server la mobilit\u00e9\",\"datePublished\":\"2025-10-15T09:28:06+00:00\",\"mainEntityOfPage\":{\"@id\":\"https:\\\/\\\/www.laboutiquedudos.com\\\/blog\\\/conseils\\\/mal-dos-seniors-conseils-preserver-mobilite\\\/\"},\"wordCount\":949,\"image\":{\"@id\":\"https:\\\/\\\/www.laboutiquedudos.com\\\/blog\\\/conseils\\\/mal-dos-seniors-conseils-preserver-mobilite\\\/#primaryimage\"},\"thumbnailUrl\":\"https:\\\/\\\/www.laboutiquedudos.com\\\/blog\\\/wp-content\\\/uploads\\\/2025\\\/10\\\/preserver-dos-seniors.jpg\",\"articleSection\":[\"Conseils\"],\"inLanguage\":\"fr-FR\"},{\"@type\":\"WebPage\",\"@id\":\"https:\\\/\\\/www.laboutiquedudos.com\\\/blog\\\/conseils\\\/mal-dos-seniors-conseils-preserver-mobilite\\\/\",\"url\":\"https:\\\/\\\/www.laboutiquedudos.com\\\/blog\\\/conseils\\\/mal-dos-seniors-conseils-preserver-mobilite\\\/\",\"name\":\"Mal de dos chez les seniors : conseils concrets pour pr\u00e9server la mobilit\u00e9\",\"isPartOf\":{\"@id\":\"https:\\\/\\\/www.laboutiquedudos.com\\\/blog\\\/#website\"},\"primaryImageOfPage\":{\"@id\":\"https:\\\/\\\/www.laboutiquedudos.com\\\/blog\\\/conseils\\\/mal-dos-seniors-conseils-preserver-mobilite\\\/#primaryimage\"},\"image\":{\"@id\":\"https:\\\/\\\/www.laboutiquedudos.com\\\/blog\\\/conseils\\\/mal-dos-seniors-conseils-preserver-mobilite\\\/#primaryimage\"},\"thumbnailUrl\":\"https:\\\/\\\/www.laboutiquedudos.com\\\/blog\\\/wp-content\\\/uploads\\\/2025\\\/10\\\/preserver-dos-seniors.jpg\",\"datePublished\":\"2025-10-15T09:28:06+00:00\",\"author\":{\"@id\":\"https:\\\/\\\/www.laboutiquedudos.com\\\/blog\\\/#\\\/schema\\\/person\\\/3b5312ded7554ea20fa241ba5b202696\"},\"description\":\"Seniors : comment soulager le mal de dos et pr\u00e9server votre mobilit\u00e9 ? Activit\u00e9s douces, gestes du quotidien, literie et mobilier ergonomiques, oreillers cervicaux, conseils d\u2019ergonomie et pr\u00e9vention. Guide pratique pour lombalgies et cervicalgies.\",\"breadcrumb\":{\"@id\":\"https:\\\/\\\/www.laboutiquedudos.com\\\/blog\\\/conseils\\\/mal-dos-seniors-conseils-preserver-mobilite\\\/#breadcrumb\"},\"inLanguage\":\"fr-FR\",\"potentialAction\":[{\"@type\":\"ReadAction\",\"target\":[\"https:\\\/\\\/www.laboutiquedudos.com\\\/blog\\\/conseils\\\/mal-dos-seniors-conseils-preserver-mobilite\\\/\"]}]},{\"@type\":\"ImageObject\",\"inLanguage\":\"fr-FR\",\"@id\":\"https:\\\/\\\/www.laboutiquedudos.com\\\/blog\\\/conseils\\\/mal-dos-seniors-conseils-preserver-mobilite\\\/#primaryimage\",\"url\":\"https:\\\/\\\/www.laboutiquedudos.com\\\/blog\\\/wp-content\\\/uploads\\\/2025\\\/10\\\/preserver-dos-seniors.jpg\",\"contentUrl\":\"https:\\\/\\\/www.laboutiquedudos.com\\\/blog\\\/wp-content\\\/uploads\\\/2025\\\/10\\\/preserver-dos-seniors.jpg\",\"width\":1024,\"height\":1024,\"caption\":\"Mal de dos chez les seniors : conseils pour pr\u00e9server la mobilit\u00e9 - Image g\u00e9n\u00e9r\u00e9e par IA\"},{\"@type\":\"BreadcrumbList\",\"@id\":\"https:\\\/\\\/www.laboutiquedudos.com\\\/blog\\\/conseils\\\/mal-dos-seniors-conseils-preserver-mobilite\\\/#breadcrumb\",\"itemListElement\":[{\"@type\":\"ListItem\",\"position\":1,\"name\":\"Accueil\",\"item\":\"https:\\\/\\\/www.laboutiquedudos.com\\\/blog\\\/\"},{\"@type\":\"ListItem\",\"position\":2,\"name\":\"Mal de dos chez les seniors : conseils pour pr\u00e9server la mobilit\u00e9\"}]},{\"@type\":\"WebSite\",\"@id\":\"https:\\\/\\\/www.laboutiquedudos.com\\\/blog\\\/#website\",\"url\":\"https:\\\/\\\/www.laboutiquedudos.com\\\/blog\\\/\",\"name\":\"La Boutique du dos - Blog\",\"description\":\"\",\"potentialAction\":[{\"@type\":\"SearchAction\",\"target\":{\"@type\":\"EntryPoint\",\"urlTemplate\":\"https:\\\/\\\/www.laboutiquedudos.com\\\/blog\\\/?s={search_term_string}\"},\"query-input\":{\"@type\":\"PropertyValueSpecification\",\"valueRequired\":true,\"valueName\":\"search_term_string\"}}],\"inLanguage\":\"fr-FR\"},{\"@type\":\"Person\",\"@id\":\"https:\\\/\\\/www.laboutiquedudos.com\\\/blog\\\/#\\\/schema\\\/person\\\/3b5312ded7554ea20fa241ba5b202696\",\"name\":\"Helene ceciaa.com@gmail.com\",\"image\":{\"@type\":\"ImageObject\",\"inLanguage\":\"fr-FR\",\"@id\":\"https:\\\/\\\/secure.gravatar.com\\\/avatar\\\/a21d6fe7e97c7e5e4519261060048daac77a3c9f903386ffe720413c8f2611e0?s=96&d=mm&r=g\",\"url\":\"https:\\\/\\\/secure.gravatar.com\\\/avatar\\\/a21d6fe7e97c7e5e4519261060048daac77a3c9f903386ffe720413c8f2611e0?s=96&d=mm&r=g\",\"contentUrl\":\"https:\\\/\\\/secure.gravatar.com\\\/avatar\\\/a21d6fe7e97c7e5e4519261060048daac77a3c9f903386ffe720413c8f2611e0?s=96&d=mm&r=g\",\"caption\":\"Helene ceciaa.com@gmail.com\"},\"url\":\"https:\\\/\\\/www.laboutiquedudos.com\\\/blog\\\/author\\\/helene\\\/\"}]}<\/script>\n<!-- \/ Yoast SEO plugin. -->","yoast_head_json":{"title":"Mal de dos chez les seniors : conseils concrets pour pr\u00e9server la mobilit\u00e9","description":"Seniors : comment soulager le mal de dos et pr\u00e9server votre mobilit\u00e9 ? Activit\u00e9s douces, gestes du quotidien, literie et mobilier ergonomiques, oreillers cervicaux, conseils d\u2019ergonomie et pr\u00e9vention. Guide pratique pour lombalgies et cervicalgies.","robots":{"index":"index","follow":"follow","max-snippet":"max-snippet:-1","max-image-preview":"max-image-preview:large","max-video-preview":"max-video-preview:-1"},"canonical":"https:\/\/www.laboutiquedudos.com\/blog\/conseils\/mal-dos-seniors-conseils-preserver-mobilite\/","og_locale":"fr_FR","og_type":"article","og_title":"Mal de dos chez les seniors : conseils concrets pour pr\u00e9server la mobilit\u00e9","og_description":"Seniors : comment soulager le mal de dos et pr\u00e9server votre mobilit\u00e9 ? Activit\u00e9s douces, gestes du quotidien, literie et mobilier ergonomiques, oreillers cervicaux, conseils d\u2019ergonomie et pr\u00e9vention. Guide pratique pour lombalgies et cervicalgies.","og_url":"https:\/\/www.laboutiquedudos.com\/blog\/conseils\/mal-dos-seniors-conseils-preserver-mobilite\/","og_site_name":"La Boutique du dos - Blog","article_published_time":"2025-10-15T09:28:06+00:00","og_image":[{"width":1024,"height":1024,"url":"https:\/\/www.laboutiquedudos.com\/blog\/wp-content\/uploads\/2025\/10\/preserver-dos-seniors.jpg","type":"image\/jpeg"}],"author":"Helene ceciaa.com@gmail.com","twitter_card":"summary_large_image","twitter_misc":{"\u00c9crit par":"Helene ceciaa.com@gmail.com","Dur\u00e9e de lecture estim\u00e9e":"5 minutes"},"schema":{"@context":"https:\/\/schema.org","@graph":[{"@type":"Article","@id":"https:\/\/www.laboutiquedudos.com\/blog\/conseils\/mal-dos-seniors-conseils-preserver-mobilite\/#article","isPartOf":{"@id":"https:\/\/www.laboutiquedudos.com\/blog\/conseils\/mal-dos-seniors-conseils-preserver-mobilite\/"},"author":{"name":"Helene ceciaa.com@gmail.com","@id":"https:\/\/www.laboutiquedudos.com\/blog\/#\/schema\/person\/3b5312ded7554ea20fa241ba5b202696"},"headline":"Mal de dos chez les seniors : conseils pour pr\u00e9server la mobilit\u00e9","datePublished":"2025-10-15T09:28:06+00:00","mainEntityOfPage":{"@id":"https:\/\/www.laboutiquedudos.com\/blog\/conseils\/mal-dos-seniors-conseils-preserver-mobilite\/"},"wordCount":949,"image":{"@id":"https:\/\/www.laboutiquedudos.com\/blog\/conseils\/mal-dos-seniors-conseils-preserver-mobilite\/#primaryimage"},"thumbnailUrl":"https:\/\/www.laboutiquedudos.com\/blog\/wp-content\/uploads\/2025\/10\/preserver-dos-seniors.jpg","articleSection":["Conseils"],"inLanguage":"fr-FR"},{"@type":"WebPage","@id":"https:\/\/www.laboutiquedudos.com\/blog\/conseils\/mal-dos-seniors-conseils-preserver-mobilite\/","url":"https:\/\/www.laboutiquedudos.com\/blog\/conseils\/mal-dos-seniors-conseils-preserver-mobilite\/","name":"Mal de dos chez les seniors : conseils concrets pour pr\u00e9server la mobilit\u00e9","isPartOf":{"@id":"https:\/\/www.laboutiquedudos.com\/blog\/#website"},"primaryImageOfPage":{"@id":"https:\/\/www.laboutiquedudos.com\/blog\/conseils\/mal-dos-seniors-conseils-preserver-mobilite\/#primaryimage"},"image":{"@id":"https:\/\/www.laboutiquedudos.com\/blog\/conseils\/mal-dos-seniors-conseils-preserver-mobilite\/#primaryimage"},"thumbnailUrl":"https:\/\/www.laboutiquedudos.com\/blog\/wp-content\/uploads\/2025\/10\/preserver-dos-seniors.jpg","datePublished":"2025-10-15T09:28:06+00:00","author":{"@id":"https:\/\/www.laboutiquedudos.com\/blog\/#\/schema\/person\/3b5312ded7554ea20fa241ba5b202696"},"description":"Seniors : comment soulager le mal de dos et pr\u00e9server votre mobilit\u00e9 ? Activit\u00e9s douces, gestes du quotidien, literie et mobilier ergonomiques, oreillers cervicaux, conseils d\u2019ergonomie et pr\u00e9vention. Guide pratique pour lombalgies et cervicalgies.","breadcrumb":{"@id":"https:\/\/www.laboutiquedudos.com\/blog\/conseils\/mal-dos-seniors-conseils-preserver-mobilite\/#breadcrumb"},"inLanguage":"fr-FR","potentialAction":[{"@type":"ReadAction","target":["https:\/\/www.laboutiquedudos.com\/blog\/conseils\/mal-dos-seniors-conseils-preserver-mobilite\/"]}]},{"@type":"ImageObject","inLanguage":"fr-FR","@id":"https:\/\/www.laboutiquedudos.com\/blog\/conseils\/mal-dos-seniors-conseils-preserver-mobilite\/#primaryimage","url":"https:\/\/www.laboutiquedudos.com\/blog\/wp-content\/uploads\/2025\/10\/preserver-dos-seniors.jpg","contentUrl":"https:\/\/www.laboutiquedudos.com\/blog\/wp-content\/uploads\/2025\/10\/preserver-dos-seniors.jpg","width":1024,"height":1024,"caption":"Mal de dos chez les seniors : conseils pour pr\u00e9server la mobilit\u00e9 - Image g\u00e9n\u00e9r\u00e9e par IA"},{"@type":"BreadcrumbList","@id":"https:\/\/www.laboutiquedudos.com\/blog\/conseils\/mal-dos-seniors-conseils-preserver-mobilite\/#breadcrumb","itemListElement":[{"@type":"ListItem","position":1,"name":"Accueil","item":"https:\/\/www.laboutiquedudos.com\/blog\/"},{"@type":"ListItem","position":2,"name":"Mal de dos chez les seniors : conseils pour pr\u00e9server la mobilit\u00e9"}]},{"@type":"WebSite","@id":"https:\/\/www.laboutiquedudos.com\/blog\/#website","url":"https:\/\/www.laboutiquedudos.com\/blog\/","name":"La Boutique du dos - Blog","description":"","potentialAction":[{"@type":"SearchAction","target":{"@type":"EntryPoint","urlTemplate":"https:\/\/www.laboutiquedudos.com\/blog\/?s={search_term_string}"},"query-input":{"@type":"PropertyValueSpecification","valueRequired":true,"valueName":"search_term_string"}}],"inLanguage":"fr-FR"},{"@type":"Person","@id":"https:\/\/www.laboutiquedudos.com\/blog\/#\/schema\/person\/3b5312ded7554ea20fa241ba5b202696","name":"Helene ceciaa.com@gmail.com","image":{"@type":"ImageObject","inLanguage":"fr-FR","@id":"https:\/\/secure.gravatar.com\/avatar\/a21d6fe7e97c7e5e4519261060048daac77a3c9f903386ffe720413c8f2611e0?s=96&d=mm&r=g","url":"https:\/\/secure.gravatar.com\/avatar\/a21d6fe7e97c7e5e4519261060048daac77a3c9f903386ffe720413c8f2611e0?s=96&d=mm&r=g","contentUrl":"https:\/\/secure.gravatar.com\/avatar\/a21d6fe7e97c7e5e4519261060048daac77a3c9f903386ffe720413c8f2611e0?s=96&d=mm&r=g","caption":"Helene ceciaa.com@gmail.com"},"url":"https:\/\/www.laboutiquedudos.com\/blog\/author\/helene\/"}]}},"_links":{"self":[{"href":"https:\/\/www.laboutiquedudos.com\/blog\/wp-json\/wp\/v2\/posts\/1097","targetHints":{"allow":["GET"]}}],"collection":[{"href":"https:\/\/www.laboutiquedudos.com\/blog\/wp-json\/wp\/v2\/posts"}],"about":[{"href":"https:\/\/www.laboutiquedudos.com\/blog\/wp-json\/wp\/v2\/types\/post"}],"author":[{"embeddable":true,"href":"https:\/\/www.laboutiquedudos.com\/blog\/wp-json\/wp\/v2\/users\/14"}],"replies":[{"embeddable":true,"href":"https:\/\/www.laboutiquedudos.com\/blog\/wp-json\/wp\/v2\/comments?post=1097"}],"version-history":[{"count":1,"href":"https:\/\/www.laboutiquedudos.com\/blog\/wp-json\/wp\/v2\/posts\/1097\/revisions"}],"predecessor-version":[{"id":1100,"href":"https:\/\/www.laboutiquedudos.com\/blog\/wp-json\/wp\/v2\/posts\/1097\/revisions\/1100"}],"wp:featuredmedia":[{"embeddable":true,"href":"https:\/\/www.laboutiquedudos.com\/blog\/wp-json\/wp\/v2\/media\/1101"}],"wp:attachment":[{"href":"https:\/\/www.laboutiquedudos.com\/blog\/wp-json\/wp\/v2\/media?parent=1097"}],"wp:term":[{"taxonomy":"category","embeddable":true,"href":"https:\/\/www.laboutiquedudos.com\/blog\/wp-json\/wp\/v2\/categories?post=1097"},{"taxonomy":"post_tag","embeddable":true,"href":"https:\/\/www.laboutiquedudos.com\/blog\/wp-json\/wp\/v2\/tags?post=1097"}],"curies":[{"name":"wp","href":"https:\/\/api.w.org\/{rel}","templated":true}]}}