{"id":1086,"date":"2025-10-01T11:44:29","date_gmt":"2025-10-01T09:44:29","guid":{"rendered":"https:\/\/www.laboutiquedudos.com\/blog\/?p=1086"},"modified":"2025-07-28T09:50:31","modified_gmt":"2025-07-28T07:50:31","slug":"impact-telephone-portable-dos","status":"publish","type":"post","link":"https:\/\/www.laboutiquedudos.com\/blog\/ergonomie\/impact-telephone-portable-dos\/","title":{"rendered":"L\u2019impact du t\u00e9l\u00e9phone portable sur notre dos"},"content":{"rendered":"<p>Nous passons plusieurs heures par jour riv\u00e9s \u00e0 nos <strong>t\u00e9l\u00e9phones portables<\/strong>. Cette habitude, en apparence anodine, a un effet non n\u00e9gligeable sur notre sant\u00e9, en particulier sur le <strong>dos<\/strong> et le <strong>cou<\/strong>. Le ph\u00e9nom\u00e8ne du <strong>text neck<\/strong>, ou \u00ab\u202fsyndrome du cou pench\u00e9\u202f\u00bb, est devenu une pathologie fr\u00e9quente chez les adolescents comme chez les adultes.<\/p>\n<p>Dans cet article, nous explorerons les cons\u00e9quences posturales de l\u2019utilisation prolong\u00e9e du smartphone, la <strong>dur\u00e9e moyenne d\u2019utilisation quotidienne<\/strong>, et les <strong>solutions ergonomiques<\/strong> et comportementales \u00e0 adopter pour pr\u00e9venir ou soulager ces douleurs croissantes.<\/p>\n<h2>1. Le syndrome du text neck : un mal moderne<\/h2>\n<p>Le <strong>text neck<\/strong> d\u00e9signe une <strong>douleur cervicale chronique<\/strong> caus\u00e9e par la posture de la t\u00eate pench\u00e9e vers l\u2019avant lorsque l\u2019on utilise un smartphone. En inclinant la t\u00eate \u00e0 60\u00b0, la pression exerc\u00e9e sur la colonne cervicale est \u00e9quivalente \u00e0 un poids de <strong>27 kg<\/strong>, selon une \u00e9tude publi\u00e9e dans la revue <em>Surgical Technology International<\/em>.<\/p>\n<p>Les cons\u00e9quences du text neck incluent :<\/p>\n<ul>\n<li><strong>Raideurs cervicales<\/strong> et douleurs persistantes dans le haut du dos.<\/li>\n<li><strong>Maux de t\u00eate<\/strong> dus \u00e0 la tension musculaire.<\/li>\n<li><strong>Compression des disques intervert\u00e9braux<\/strong>.<\/li>\n<li><strong>Alt\u00e9ration de la courbure naturelle<\/strong> de la colonne cervicale.<\/li>\n<\/ul>\n<p>Ce syndrome s\u2019installe progressivement et peut devenir chronique sans une <strong>correction posturale<\/strong> rapide.<\/p>\n<h2>2. Une dur\u00e9e d\u2019utilisation de plus en plus pr\u00e9occupante<\/h2>\n<p>Selon une \u00e9tude men\u00e9e par l\u2019ARCEP en France, les utilisateurs consultent leur <strong>smartphone en moyenne 3h30 par jour<\/strong>. Une autre \u00e9tude am\u00e9ricaine montre que les jeunes adultes peuvent atteindre <strong>5 \u00e0 6 heures quotidiennes<\/strong>.<\/p>\n<p>La position adopt\u00e9e est g\u00e9n\u00e9ralement assise, avachie, sur un canap\u00e9 ou en position semi-allong\u00e9e, avec le t\u00e9l\u00e9phone tenu \u00e0 hauteur du ventre ou des cuisses. Ce comportement favorise :<\/p>\n<ul>\n<li>La <strong>cyphose dorsale<\/strong> (dos arrondi).<\/li>\n<li>Le <strong>repli du sternum<\/strong> et des \u00e9paules vers l\u2019avant.<\/li>\n<li>Une <strong>diminution de l\u2019amplitude respiratoire<\/strong>.<\/li>\n<li>Des <strong>douleurs lombaires<\/strong> \u00e0 cause de l\u2019affaissement du bassin.<\/li>\n<\/ul>\n<p>Cette s\u00e9dentarit\u00e9 passive, cumul\u00e9e \u00e0 une <strong>position inad\u00e9quate<\/strong>, est un facteur aggravant des <strong>troubles musculo-squelettiques<\/strong> (TMS).<\/p>\n<h2>3. Signes que votre dos souffre du smartphone<\/h2>\n<p>Voici quelques <strong>signaux d\u2019alerte<\/strong> fr\u00e9quents :<\/p>\n<ul>\n<li><strong>Tensions dans la nuque<\/strong> apr\u00e8s quelques minutes de consultation.<\/li>\n<li><strong>Inconfort dans les omoplates<\/strong> ou les trap\u00e8zes.<\/li>\n<li><strong>Fatigue lombaire<\/strong> apr\u00e8s \u00eatre rest\u00e9 assis trop longtemps sur le t\u00e9l\u00e9phone.<\/li>\n<li><strong>Maux de t\u00eate<\/strong> localis\u00e9s \u00e0 la base du cr\u00e2ne.<\/li>\n<\/ul>\n<p>Si vous ressentez un ou plusieurs de ces sympt\u00f4mes quotidiennement, il est temps d\u2019<strong>ajuster vos habitudes<\/strong>.<\/p>\n<h2>4. Solutions ergonomiques pour mieux utiliser son t\u00e9l\u00e9phone<\/h2>\n<p>Adopter une <strong>ergonomie mobile<\/strong> passe par de petits gestes simples mais efficaces :<\/p>\n<ul>\n<li><strong>Monter le t\u00e9l\u00e9phone \u00e0 hauteur des yeux<\/strong> pour r\u00e9duire l\u2019inclinaison de la t\u00eate.<\/li>\n<li><strong>Utiliser un support ou tr\u00e9pied<\/strong> lorsque l\u2019on regarde une vid\u00e9o ou suit une visio.<\/li>\n<li><strong>\u00c9viter de rester immobile trop longtemps<\/strong> : se lever ou changer de posture toutes les 30 minutes.<\/li>\n<li><strong>S\u2019adosser avec un bon soutien lombaire<\/strong> lors de l\u2019utilisation prolong\u00e9e du t\u00e9l\u00e9phone.<\/li>\n<li><strong>\u00c9viter l\u2019usage allong\u00e9 sur le ventre ou affal\u00e9 sur le canap\u00e9<\/strong>.<\/li>\n<\/ul>\n<p>Ces ajustements r\u00e9duisent significativement la <strong>pression sur la colonne vert\u00e9brale<\/strong> et <strong>favorisent une meilleure posture<\/strong>.<\/p>\n<h2>5. Bons comportements \u00e0 adopter au quotidien<\/h2>\n<p>Modifier sa relation au t\u00e9l\u00e9phone passe aussi par des <strong>strat\u00e9gies comportementales<\/strong> :<\/p>\n<ul>\n<li><strong>Diminuer le temps d\u2019\u00e9cran<\/strong> : activer le mode bien-\u00eatre num\u00e9rique pour surveiller son usage.<\/li>\n<li><strong>Programmer des pauses posturales<\/strong> toutes les heures.<\/li>\n<li><strong>Utiliser la dict\u00e9e vocale<\/strong> au lieu d\u2019\u00e9crire de longs messages.<\/li>\n<li><strong>R\u00e9pondre aux appels avec un kit mains libres<\/strong> pour ne pas crisper le cou.<\/li>\n<\/ul>\n<p>Ces r\u00e9flexes, lorsqu\u2019ils deviennent des <strong>habitudes conscientes<\/strong>, soulagent durablement le dos.<\/p>\n<h2>6. \u00c9tirements pour compenser l\u2019usage du t\u00e9l\u00e9phone<\/h2>\n<p>Pratiquer des <strong>\u00e9tirements cibl\u00e9s<\/strong> aide \u00e0 soulager les zones mises sous tension par une mauvaise posture. Voici trois exercices simples \u00e0 faire chaque jour :<\/p>\n<h3>1. \u00c9tirement cervical<\/h3>\n<ul>\n<li>Asseyez-vous bien droit.<\/li>\n<li>Prenez votre t\u00eate avec la main droite, inclinez doucement l\u2019oreille droite vers l\u2019\u00e9paule droite.<\/li>\n<li>Maintenez 20 secondes, changez de c\u00f4t\u00e9.<\/li>\n<\/ul>\n<h3>2. Ouverture thoracique<\/h3>\n<ul>\n<li>Placez les mains derri\u00e8re la t\u00eate.<\/li>\n<li>Ouvrez les coudes et tirez doucement vers l\u2019arri\u00e8re.<\/li>\n<li>Respirez profond\u00e9ment en maintenant la posture 20 secondes.<\/li>\n<\/ul>\n<h3>3. Enroulement vert\u00e9bral<\/h3>\n<ul>\n<li>Debout, pieds \u00e9cart\u00e9s \u00e0 la largeur du bassin.<\/li>\n<li>Descendez lentement le haut du corps, vert\u00e8bre par vert\u00e8bre, sans forcer.<\/li>\n<li>Laissez pendre les bras, rel\u00e2chez la nuque, puis remontez doucement.<\/li>\n<\/ul>\n<h2>7. Pr\u00e9vention chez les jeunes<\/h2>\n<p>Les <strong>adolescents<\/strong> sont particuli\u00e8rement expos\u00e9s. Une vigilance accrue est recommand\u00e9e :<\/p>\n<ul>\n<li>Encadrer les temps d\u2019utilisation d\u00e8s le coll\u00e8ge.<\/li>\n<li>\u00c9duquer aux <strong>bons gestes posturaux<\/strong> d\u00e8s le plus jeune \u00e2ge.<\/li>\n<li>Proposer des alternatives ludiques aux \u00e9crans (activit\u00e9s physiques, jeux ext\u00e9rieurs).<\/li>\n<\/ul>\n<p>Pr\u00e9venir t\u00f4t permet d\u2019<strong>\u00e9viter les douleurs chroniques \u00e0 l\u2019\u00e2ge adulte<\/strong>.<\/p>\n<h2>Conclusion<\/h2>\n<p>Le <strong>t\u00e9l\u00e9phone portable<\/strong> est devenu incontournable, mais son usage excessif impacte directement notre <strong>posture<\/strong> et notre <strong>sant\u00e9 dorsale<\/strong>. Le <strong>syndrome du text neck<\/strong> n\u2019est pas une fatalit\u00e9 : avec des gestes simples, des solutions ergonomiques adapt\u00e9es et une prise de conscience progressive, il est possible de retrouver un <strong>\u00e9quilibre postural<\/strong> et de soulager durablement le dos.<\/p>\n<p><strong>La Boutique du Dos<\/strong> <a href=\"https:\/\/www.laboutiquedudos.com\/219-ameliorer-sa-posture\" target=\"_blank\" rel=\"noopener\">vous accompagne dans cette d\u00e9marche<\/a> avec des <strong>accessoires ergonomiques<\/strong> s\u00e9lectionn\u00e9s pour soulager les douleurs li\u00e9es \u00e0 l\u2019usage intensif du num\u00e9rique.<\/p>\n<p><em>Sources<\/em><\/p>\n<ul>\n<li>Surgical Technology International \u2013 <em>Assessment of Stresses in the Cervical Spine<\/em><\/li>\n<li>ARCEP \u2013 <em>Barom\u00e8tre num\u00e9rique 2023<\/em><\/li>\n<li>Posture Clinic \u2013 <em>The Effects of Prolonged Mobile Phone Use<\/em><\/li>\n<li>INRS \u2013 <em>Ergonomie et travail sur \u00e9cran<\/em><\/li>\n<li>Universit\u00e9 Laval \u2013 <em>Text Neck : une pathologie en croissance<\/em><\/li>\n<\/ul>\n","protected":false},"excerpt":{"rendered":"<p>Nous passons plusieurs heures par jour riv\u00e9s \u00e0 nos t\u00e9l\u00e9phones portables. Cette habitude, en apparence anodine, a un effet non n\u00e9gligeable sur notre sant\u00e9, en particulier sur le dos et le cou. Le ph\u00e9nom\u00e8ne du text neck, ou \u00ab\u202fsyndrome du cou pench\u00e9\u202f\u00bb, est devenu une pathologie fr\u00e9quente chez les adolescents comme chez les adultes. Dans&hellip;<\/p>\n","protected":false},"author":14,"featured_media":1088,"comment_status":"closed","ping_status":"open","sticky":false,"template":"","format":"standard","meta":{"_acf_changed":false,"footnotes":""},"categories":[10,59],"tags":[],"class_list":["post-1086","post","type-post","status-publish","format-standard","has-post-thumbnail","hentry","category-conseils","category-ergonomie"],"acf":[],"yoast_head":"<!-- This site is optimized with the Yoast SEO plugin v27.5 - https:\/\/yoast.com\/product\/yoast-seo-wordpress\/ -->\n<title>L\u2019impact du t\u00e9l\u00e9phone portable sur notre dos<\/title>\n<meta name=\"description\" content=\"Dans cet article, nous explorerons les cons\u00e9quences posturales de l\u2019utilisation prolong\u00e9e du smartphone, la dur\u00e9e moyenne d\u2019utilisation quotidienne, et les solutions ergonomiques et comportementales \u00e0 adopter pour pr\u00e9venir ou soulager ces douleurs croissantes.\" \/>\n<meta name=\"robots\" content=\"index, follow, max-snippet:-1, max-image-preview:large, max-video-preview:-1\" \/>\n<link rel=\"canonical\" href=\"https:\/\/www.laboutiquedudos.com\/blog\/ergonomie\/impact-telephone-portable-dos\/\" \/>\n<meta property=\"og:locale\" content=\"fr_FR\" \/>\n<meta property=\"og:type\" content=\"article\" \/>\n<meta property=\"og:title\" content=\"L\u2019impact du t\u00e9l\u00e9phone portable sur notre dos\" \/>\n<meta property=\"og:description\" content=\"Dans cet article, nous explorerons les cons\u00e9quences posturales de l\u2019utilisation prolong\u00e9e du smartphone, la dur\u00e9e moyenne d\u2019utilisation quotidienne, et les solutions ergonomiques et comportementales \u00e0 adopter pour pr\u00e9venir ou soulager ces douleurs croissantes.\" \/>\n<meta property=\"og:url\" content=\"https:\/\/www.laboutiquedudos.com\/blog\/ergonomie\/impact-telephone-portable-dos\/\" \/>\n<meta property=\"og:site_name\" content=\"La Boutique du dos - Blog\" \/>\n<meta property=\"article:published_time\" content=\"2025-10-01T09:44:29+00:00\" \/>\n<meta property=\"og:image\" content=\"https:\/\/www.laboutiquedudos.com\/blog\/wp-content\/uploads\/2025\/10\/douleurs-cervicales-telephone-portable.png\" \/>\n\t<meta property=\"og:image:width\" content=\"1024\" \/>\n\t<meta property=\"og:image:height\" content=\"1024\" \/>\n\t<meta property=\"og:image:type\" content=\"image\/png\" \/>\n<meta name=\"author\" content=\"Helene ceciaa.com@gmail.com\" \/>\n<meta name=\"twitter:card\" content=\"summary_large_image\" \/>\n<meta name=\"twitter:label1\" content=\"\u00c9crit par\" \/>\n\t<meta name=\"twitter:data1\" content=\"Helene ceciaa.com@gmail.com\" \/>\n\t<meta name=\"twitter:label2\" content=\"Dur\u00e9e de lecture estim\u00e9e\" \/>\n\t<meta name=\"twitter:data2\" content=\"5 minutes\" \/>\n<script type=\"application\/ld+json\" class=\"yoast-schema-graph\">{\"@context\":\"https:\\\/\\\/schema.org\",\"@graph\":[{\"@type\":\"Article\",\"@id\":\"https:\\\/\\\/www.laboutiquedudos.com\\\/blog\\\/ergonomie\\\/impact-telephone-portable-dos\\\/#article\",\"isPartOf\":{\"@id\":\"https:\\\/\\\/www.laboutiquedudos.com\\\/blog\\\/ergonomie\\\/impact-telephone-portable-dos\\\/\"},\"author\":{\"name\":\"Helene ceciaa.com@gmail.com\",\"@id\":\"https:\\\/\\\/www.laboutiquedudos.com\\\/blog\\\/#\\\/schema\\\/person\\\/3b5312ded7554ea20fa241ba5b202696\"},\"headline\":\"L\u2019impact du t\u00e9l\u00e9phone portable sur notre dos\",\"datePublished\":\"2025-10-01T09:44:29+00:00\",\"mainEntityOfPage\":{\"@id\":\"https:\\\/\\\/www.laboutiquedudos.com\\\/blog\\\/ergonomie\\\/impact-telephone-portable-dos\\\/\"},\"wordCount\":943,\"image\":{\"@id\":\"https:\\\/\\\/www.laboutiquedudos.com\\\/blog\\\/ergonomie\\\/impact-telephone-portable-dos\\\/#primaryimage\"},\"thumbnailUrl\":\"https:\\\/\\\/www.laboutiquedudos.com\\\/blog\\\/wp-content\\\/uploads\\\/2025\\\/10\\\/douleurs-cervicales-telephone-portable.png\",\"articleSection\":[\"Conseils\",\"Ergonomie\"],\"inLanguage\":\"fr-FR\"},{\"@type\":\"WebPage\",\"@id\":\"https:\\\/\\\/www.laboutiquedudos.com\\\/blog\\\/ergonomie\\\/impact-telephone-portable-dos\\\/\",\"url\":\"https:\\\/\\\/www.laboutiquedudos.com\\\/blog\\\/ergonomie\\\/impact-telephone-portable-dos\\\/\",\"name\":\"L\u2019impact du t\u00e9l\u00e9phone portable sur notre dos\",\"isPartOf\":{\"@id\":\"https:\\\/\\\/www.laboutiquedudos.com\\\/blog\\\/#website\"},\"primaryImageOfPage\":{\"@id\":\"https:\\\/\\\/www.laboutiquedudos.com\\\/blog\\\/ergonomie\\\/impact-telephone-portable-dos\\\/#primaryimage\"},\"image\":{\"@id\":\"https:\\\/\\\/www.laboutiquedudos.com\\\/blog\\\/ergonomie\\\/impact-telephone-portable-dos\\\/#primaryimage\"},\"thumbnailUrl\":\"https:\\\/\\\/www.laboutiquedudos.com\\\/blog\\\/wp-content\\\/uploads\\\/2025\\\/10\\\/douleurs-cervicales-telephone-portable.png\",\"datePublished\":\"2025-10-01T09:44:29+00:00\",\"author\":{\"@id\":\"https:\\\/\\\/www.laboutiquedudos.com\\\/blog\\\/#\\\/schema\\\/person\\\/3b5312ded7554ea20fa241ba5b202696\"},\"description\":\"Dans cet article, nous explorerons les cons\u00e9quences posturales de l\u2019utilisation prolong\u00e9e du smartphone, la dur\u00e9e moyenne d\u2019utilisation quotidienne, et les solutions ergonomiques et comportementales \u00e0 adopter pour pr\u00e9venir ou soulager ces douleurs croissantes.\",\"breadcrumb\":{\"@id\":\"https:\\\/\\\/www.laboutiquedudos.com\\\/blog\\\/ergonomie\\\/impact-telephone-portable-dos\\\/#breadcrumb\"},\"inLanguage\":\"fr-FR\",\"potentialAction\":[{\"@type\":\"ReadAction\",\"target\":[\"https:\\\/\\\/www.laboutiquedudos.com\\\/blog\\\/ergonomie\\\/impact-telephone-portable-dos\\\/\"]}]},{\"@type\":\"ImageObject\",\"inLanguage\":\"fr-FR\",\"@id\":\"https:\\\/\\\/www.laboutiquedudos.com\\\/blog\\\/ergonomie\\\/impact-telephone-portable-dos\\\/#primaryimage\",\"url\":\"https:\\\/\\\/www.laboutiquedudos.com\\\/blog\\\/wp-content\\\/uploads\\\/2025\\\/10\\\/douleurs-cervicales-telephone-portable.png\",\"contentUrl\":\"https:\\\/\\\/www.laboutiquedudos.com\\\/blog\\\/wp-content\\\/uploads\\\/2025\\\/10\\\/douleurs-cervicales-telephone-portable.png\",\"width\":1024,\"height\":1024,\"caption\":\"Douleurs cervicales et t\u00e9l\u00e9phone portable - Image g\u00e9n\u00e9r\u00e9e par IA\"},{\"@type\":\"BreadcrumbList\",\"@id\":\"https:\\\/\\\/www.laboutiquedudos.com\\\/blog\\\/ergonomie\\\/impact-telephone-portable-dos\\\/#breadcrumb\",\"itemListElement\":[{\"@type\":\"ListItem\",\"position\":1,\"name\":\"Accueil\",\"item\":\"https:\\\/\\\/www.laboutiquedudos.com\\\/blog\\\/\"},{\"@type\":\"ListItem\",\"position\":2,\"name\":\"L\u2019impact du t\u00e9l\u00e9phone portable sur notre dos\"}]},{\"@type\":\"WebSite\",\"@id\":\"https:\\\/\\\/www.laboutiquedudos.com\\\/blog\\\/#website\",\"url\":\"https:\\\/\\\/www.laboutiquedudos.com\\\/blog\\\/\",\"name\":\"La Boutique du dos - Blog\",\"description\":\"\",\"potentialAction\":[{\"@type\":\"SearchAction\",\"target\":{\"@type\":\"EntryPoint\",\"urlTemplate\":\"https:\\\/\\\/www.laboutiquedudos.com\\\/blog\\\/?s={search_term_string}\"},\"query-input\":{\"@type\":\"PropertyValueSpecification\",\"valueRequired\":true,\"valueName\":\"search_term_string\"}}],\"inLanguage\":\"fr-FR\"},{\"@type\":\"Person\",\"@id\":\"https:\\\/\\\/www.laboutiquedudos.com\\\/blog\\\/#\\\/schema\\\/person\\\/3b5312ded7554ea20fa241ba5b202696\",\"name\":\"Helene ceciaa.com@gmail.com\",\"image\":{\"@type\":\"ImageObject\",\"inLanguage\":\"fr-FR\",\"@id\":\"https:\\\/\\\/secure.gravatar.com\\\/avatar\\\/a21d6fe7e97c7e5e4519261060048daac77a3c9f903386ffe720413c8f2611e0?s=96&d=mm&r=g\",\"url\":\"https:\\\/\\\/secure.gravatar.com\\\/avatar\\\/a21d6fe7e97c7e5e4519261060048daac77a3c9f903386ffe720413c8f2611e0?s=96&d=mm&r=g\",\"contentUrl\":\"https:\\\/\\\/secure.gravatar.com\\\/avatar\\\/a21d6fe7e97c7e5e4519261060048daac77a3c9f903386ffe720413c8f2611e0?s=96&d=mm&r=g\",\"caption\":\"Helene ceciaa.com@gmail.com\"},\"url\":\"https:\\\/\\\/www.laboutiquedudos.com\\\/blog\\\/author\\\/helene\\\/\"}]}<\/script>\n<!-- \/ Yoast SEO plugin. -->","yoast_head_json":{"title":"L\u2019impact du t\u00e9l\u00e9phone portable sur notre dos","description":"Dans cet article, nous explorerons les cons\u00e9quences posturales de l\u2019utilisation prolong\u00e9e du smartphone, la dur\u00e9e moyenne d\u2019utilisation quotidienne, et les solutions ergonomiques et comportementales \u00e0 adopter pour pr\u00e9venir ou soulager ces douleurs croissantes.","robots":{"index":"index","follow":"follow","max-snippet":"max-snippet:-1","max-image-preview":"max-image-preview:large","max-video-preview":"max-video-preview:-1"},"canonical":"https:\/\/www.laboutiquedudos.com\/blog\/ergonomie\/impact-telephone-portable-dos\/","og_locale":"fr_FR","og_type":"article","og_title":"L\u2019impact du t\u00e9l\u00e9phone portable sur notre dos","og_description":"Dans cet article, nous explorerons les cons\u00e9quences posturales de l\u2019utilisation prolong\u00e9e du smartphone, la dur\u00e9e moyenne d\u2019utilisation quotidienne, et les solutions ergonomiques et comportementales \u00e0 adopter pour pr\u00e9venir ou soulager ces douleurs croissantes.","og_url":"https:\/\/www.laboutiquedudos.com\/blog\/ergonomie\/impact-telephone-portable-dos\/","og_site_name":"La Boutique du dos - Blog","article_published_time":"2025-10-01T09:44:29+00:00","og_image":[{"width":1024,"height":1024,"url":"https:\/\/www.laboutiquedudos.com\/blog\/wp-content\/uploads\/2025\/10\/douleurs-cervicales-telephone-portable.png","type":"image\/png"}],"author":"Helene ceciaa.com@gmail.com","twitter_card":"summary_large_image","twitter_misc":{"\u00c9crit par":"Helene ceciaa.com@gmail.com","Dur\u00e9e de lecture estim\u00e9e":"5 minutes"},"schema":{"@context":"https:\/\/schema.org","@graph":[{"@type":"Article","@id":"https:\/\/www.laboutiquedudos.com\/blog\/ergonomie\/impact-telephone-portable-dos\/#article","isPartOf":{"@id":"https:\/\/www.laboutiquedudos.com\/blog\/ergonomie\/impact-telephone-portable-dos\/"},"author":{"name":"Helene ceciaa.com@gmail.com","@id":"https:\/\/www.laboutiquedudos.com\/blog\/#\/schema\/person\/3b5312ded7554ea20fa241ba5b202696"},"headline":"L\u2019impact du t\u00e9l\u00e9phone portable sur notre dos","datePublished":"2025-10-01T09:44:29+00:00","mainEntityOfPage":{"@id":"https:\/\/www.laboutiquedudos.com\/blog\/ergonomie\/impact-telephone-portable-dos\/"},"wordCount":943,"image":{"@id":"https:\/\/www.laboutiquedudos.com\/blog\/ergonomie\/impact-telephone-portable-dos\/#primaryimage"},"thumbnailUrl":"https:\/\/www.laboutiquedudos.com\/blog\/wp-content\/uploads\/2025\/10\/douleurs-cervicales-telephone-portable.png","articleSection":["Conseils","Ergonomie"],"inLanguage":"fr-FR"},{"@type":"WebPage","@id":"https:\/\/www.laboutiquedudos.com\/blog\/ergonomie\/impact-telephone-portable-dos\/","url":"https:\/\/www.laboutiquedudos.com\/blog\/ergonomie\/impact-telephone-portable-dos\/","name":"L\u2019impact du t\u00e9l\u00e9phone portable sur notre dos","isPartOf":{"@id":"https:\/\/www.laboutiquedudos.com\/blog\/#website"},"primaryImageOfPage":{"@id":"https:\/\/www.laboutiquedudos.com\/blog\/ergonomie\/impact-telephone-portable-dos\/#primaryimage"},"image":{"@id":"https:\/\/www.laboutiquedudos.com\/blog\/ergonomie\/impact-telephone-portable-dos\/#primaryimage"},"thumbnailUrl":"https:\/\/www.laboutiquedudos.com\/blog\/wp-content\/uploads\/2025\/10\/douleurs-cervicales-telephone-portable.png","datePublished":"2025-10-01T09:44:29+00:00","author":{"@id":"https:\/\/www.laboutiquedudos.com\/blog\/#\/schema\/person\/3b5312ded7554ea20fa241ba5b202696"},"description":"Dans cet article, nous explorerons les cons\u00e9quences posturales de l\u2019utilisation prolong\u00e9e du smartphone, la dur\u00e9e moyenne d\u2019utilisation quotidienne, et les solutions ergonomiques et comportementales \u00e0 adopter pour pr\u00e9venir ou soulager ces douleurs croissantes.","breadcrumb":{"@id":"https:\/\/www.laboutiquedudos.com\/blog\/ergonomie\/impact-telephone-portable-dos\/#breadcrumb"},"inLanguage":"fr-FR","potentialAction":[{"@type":"ReadAction","target":["https:\/\/www.laboutiquedudos.com\/blog\/ergonomie\/impact-telephone-portable-dos\/"]}]},{"@type":"ImageObject","inLanguage":"fr-FR","@id":"https:\/\/www.laboutiquedudos.com\/blog\/ergonomie\/impact-telephone-portable-dos\/#primaryimage","url":"https:\/\/www.laboutiquedudos.com\/blog\/wp-content\/uploads\/2025\/10\/douleurs-cervicales-telephone-portable.png","contentUrl":"https:\/\/www.laboutiquedudos.com\/blog\/wp-content\/uploads\/2025\/10\/douleurs-cervicales-telephone-portable.png","width":1024,"height":1024,"caption":"Douleurs cervicales et t\u00e9l\u00e9phone portable - Image g\u00e9n\u00e9r\u00e9e par IA"},{"@type":"BreadcrumbList","@id":"https:\/\/www.laboutiquedudos.com\/blog\/ergonomie\/impact-telephone-portable-dos\/#breadcrumb","itemListElement":[{"@type":"ListItem","position":1,"name":"Accueil","item":"https:\/\/www.laboutiquedudos.com\/blog\/"},{"@type":"ListItem","position":2,"name":"L\u2019impact du t\u00e9l\u00e9phone portable sur notre dos"}]},{"@type":"WebSite","@id":"https:\/\/www.laboutiquedudos.com\/blog\/#website","url":"https:\/\/www.laboutiquedudos.com\/blog\/","name":"La Boutique du dos - Blog","description":"","potentialAction":[{"@type":"SearchAction","target":{"@type":"EntryPoint","urlTemplate":"https:\/\/www.laboutiquedudos.com\/blog\/?s={search_term_string}"},"query-input":{"@type":"PropertyValueSpecification","valueRequired":true,"valueName":"search_term_string"}}],"inLanguage":"fr-FR"},{"@type":"Person","@id":"https:\/\/www.laboutiquedudos.com\/blog\/#\/schema\/person\/3b5312ded7554ea20fa241ba5b202696","name":"Helene ceciaa.com@gmail.com","image":{"@type":"ImageObject","inLanguage":"fr-FR","@id":"https:\/\/secure.gravatar.com\/avatar\/a21d6fe7e97c7e5e4519261060048daac77a3c9f903386ffe720413c8f2611e0?s=96&d=mm&r=g","url":"https:\/\/secure.gravatar.com\/avatar\/a21d6fe7e97c7e5e4519261060048daac77a3c9f903386ffe720413c8f2611e0?s=96&d=mm&r=g","contentUrl":"https:\/\/secure.gravatar.com\/avatar\/a21d6fe7e97c7e5e4519261060048daac77a3c9f903386ffe720413c8f2611e0?s=96&d=mm&r=g","caption":"Helene ceciaa.com@gmail.com"},"url":"https:\/\/www.laboutiquedudos.com\/blog\/author\/helene\/"}]}},"_links":{"self":[{"href":"https:\/\/www.laboutiquedudos.com\/blog\/wp-json\/wp\/v2\/posts\/1086","targetHints":{"allow":["GET"]}}],"collection":[{"href":"https:\/\/www.laboutiquedudos.com\/blog\/wp-json\/wp\/v2\/posts"}],"about":[{"href":"https:\/\/www.laboutiquedudos.com\/blog\/wp-json\/wp\/v2\/types\/post"}],"author":[{"embeddable":true,"href":"https:\/\/www.laboutiquedudos.com\/blog\/wp-json\/wp\/v2\/users\/14"}],"replies":[{"embeddable":true,"href":"https:\/\/www.laboutiquedudos.com\/blog\/wp-json\/wp\/v2\/comments?post=1086"}],"version-history":[{"count":3,"href":"https:\/\/www.laboutiquedudos.com\/blog\/wp-json\/wp\/v2\/posts\/1086\/revisions"}],"predecessor-version":[{"id":1090,"href":"https:\/\/www.laboutiquedudos.com\/blog\/wp-json\/wp\/v2\/posts\/1086\/revisions\/1090"}],"wp:featuredmedia":[{"embeddable":true,"href":"https:\/\/www.laboutiquedudos.com\/blog\/wp-json\/wp\/v2\/media\/1088"}],"wp:attachment":[{"href":"https:\/\/www.laboutiquedudos.com\/blog\/wp-json\/wp\/v2\/media?parent=1086"}],"wp:term":[{"taxonomy":"category","embeddable":true,"href":"https:\/\/www.laboutiquedudos.com\/blog\/wp-json\/wp\/v2\/categories?post=1086"},{"taxonomy":"post_tag","embeddable":true,"href":"https:\/\/www.laboutiquedudos.com\/blog\/wp-json\/wp\/v2\/tags?post=1086"}],"curies":[{"name":"wp","href":"https:\/\/api.w.org\/{rel}","templated":true}]}}