{"id":1074,"date":"2025-09-24T09:33:09","date_gmt":"2025-09-24T07:33:09","guid":{"rendered":"https:\/\/www.laboutiquedudos.com\/blog\/?p=1074"},"modified":"2025-07-28T09:47:39","modified_gmt":"2025-07-28T07:47:39","slug":"dos-respiration-oubliee","status":"publish","type":"post","link":"https:\/\/www.laboutiquedudos.com\/blog\/conseils\/dos-respiration-oubliee\/","title":{"rendered":"Le dos et la respiration : une cl\u00e9 souvent oubli\u00e9e"},"content":{"rendered":"<p>Quand on parle de <strong>douleurs dorsales<\/strong>, on pense instinctivement \u00e0 la posture, au stress ou au manque d&rsquo;activit\u00e9 physique. Pourtant, un facteur essentiel est souvent oubli\u00e9\u202f: la <strong>respiration<\/strong>. En particulier, le r\u00f4le du <strong>diaphragme<\/strong>, ce muscle central du corps, est fondamental dans l\u2019\u00e9quilibre postural et la gestion des tensions.<\/p>\n<p>Dans cet article, nous allons explorer le lien entre <strong>respiration et sant\u00e9 du dos<\/strong>, comprendre comment une mauvaise respiration peut favoriser les douleurs, et d\u00e9couvrir des <strong>exercices simples<\/strong> issus du yoga, de la coh\u00e9rence cardiaque ou du chant pour r\u00e9tablir une meilleure synergie entre souffle et posture.<\/p>\n<h2>1. Le diaphragme, pont entre respiration et dos<\/h2>\n<p>Le <strong>diaphragme<\/strong> est un muscle en forme de coupole, situ\u00e9 sous les poumons, qui joue un r\u00f4le cl\u00e9 dans la <strong>respiration abdominale<\/strong>. Lorsqu\u2019il fonctionne correctement, il assure un bon \u00e9quilibre de pression dans la cavit\u00e9 thoraco-abdominale. Mais lorsqu\u2019il est contract\u00e9, fig\u00e9 ou mal utilis\u00e9, il peut <strong>induire des tensions dans la colonne vert\u00e9brale<\/strong>, notamment au niveau des <strong>lombaires<\/strong> et des <strong>dorsales<\/strong>.<\/p>\n<p>Un diaphragme bloqu\u00e9 limite aussi le <strong>retour veineux<\/strong>, r\u00e9duit l\u2019oxyg\u00e9nation cellulaire et augmente la sensation de fatigue et de tension. \u00c0 l\u2019inverse, une <strong>respiration fluide et profonde<\/strong> am\u00e9liore la mobilit\u00e9 du tronc, lib\u00e8re les tensions musculaires et <strong>soulage le dos<\/strong>.<\/p>\n<h2>2. Les cons\u00e9quences d\u2019une mauvaise respiration<\/h2>\n<p>Beaucoup de personnes respirent de mani\u00e8re <strong>thoracique<\/strong>, en soulevant les \u00e9paules ou en contractant la poitrine. Ce sch\u00e9ma cr\u00e9e une <strong>hypertonie des muscles accessoires<\/strong> de la respiration (scal\u00e8nes, trap\u00e8zes, intercostaux) et accentue les tensions dans le haut du dos et le cou.<\/p>\n<p>Les effets d\u2019une mauvaise respiration incluent :<\/p>\n<ul>\n<li><strong>Tensions chroniques<\/strong> dans le haut du dos, les trap\u00e8zes et la nuque.<\/li>\n<li><strong>Raideur lombaire<\/strong> par sur-sollicitation des muscles profonds.<\/li>\n<li><strong>Fatigue posturale<\/strong> li\u00e9e \u00e0 une mauvaise gestion de la pression intra-abdominale.<\/li>\n<li><strong>Moins de stabilit\u00e9<\/strong> du tronc et donc plus de risque de douleurs lors d\u2019un effort.<\/li>\n<\/ul>\n<p>Corriger la respiration est donc un levier essentiel pour <strong>pr\u00e9venir ou soulager les douleurs dorsales<\/strong>.<\/p>\n<h2>3. Les bienfaits de la respiration posturale<\/h2>\n<p>La <strong>respiration posturale<\/strong> est une technique qui vise \u00e0 synchroniser les mouvements respiratoires avec l\u2019activation des muscles profonds (transverse, plancher pelvien, multifides). Elle am\u00e9liore la <strong>stabilit\u00e9 lombaire<\/strong> et diminue la pression exerc\u00e9e sur les disques intervert\u00e9braux.<\/p>\n<p>Voici quelques b\u00e9n\u00e9fices concrets :<\/p>\n<ul>\n<li><strong>Diminution des tensions lombaires<\/strong> gr\u00e2ce \u00e0 une meilleure synergie musculaire.<\/li>\n<li><strong>Am\u00e9lioration de la posture<\/strong> en renfor\u00e7ant la tonicit\u00e9 du centre du corps.<\/li>\n<li><strong>Apaisement du syst\u00e8me nerveux<\/strong>, utile en cas de douleurs li\u00e9es au stress.<\/li>\n<\/ul>\n<p>Elle est utilis\u00e9e en <strong>r\u00e9\u00e9ducation kin\u00e9sith\u00e9rapique<\/strong> mais peut aussi \u00eatre pratiqu\u00e9e \u00e0 la maison avec des exercices simples.<\/p>\n<h2>4. Exercices simples \u00e0 faire chez soi<\/h2>\n<h3>Respiration diaphragmatique<\/h3>\n<ul>\n<li>Allongez-vous sur le dos, genoux pli\u00e9s, mains pos\u00e9es sur le ventre.<\/li>\n<li>Inspirez profond\u00e9ment par le nez en gonflant le ventre sans bouger la poitrine.<\/li>\n<li>Expirez lentement par la bouche en rentrant l\u00e9g\u00e8rement le ventre.<\/li>\n<li>R\u00e9p\u00e9tez pendant 5 minutes.<\/li>\n<\/ul>\n<h3>Respiration avec activation du transverse<\/h3>\n<ul>\n<li>Allongez-vous sur le dos, placez vos doigts sur les os du bassin.<\/li>\n<li>Inspirez normalement, puis soufflez lentement en contractant doucement le bas du ventre (comme si vous aspiriez le nombril).<\/li>\n<li>Maintenez 5 secondes, rel\u00e2chez. Recommencez 10 fois.<\/li>\n<\/ul>\n<h3>\u00c9tirement du diaphragme<\/h3>\n<ul>\n<li>Debout, mains sur les c\u00f4tes flottantes, inspirez profond\u00e9ment.<\/li>\n<li>Expirez et inclinez le buste \u00e0 droite, puis \u00e0 gauche.<\/li>\n<li>R\u00e9p\u00e9tez plusieurs fois pour lib\u00e9rer la cage thoracique.<\/li>\n<\/ul>\n<h2>5. Apports du yoga, du chant et de la coh\u00e9rence cardiaque<\/h2>\n<h3>Le yoga<\/h3>\n<p>Le <strong>yoga<\/strong> combine <strong>respiration consciente<\/strong> et postures pour mobiliser la colonne vert\u00e9brale. Certaines postures comme la <strong>posture du cobra<\/strong> ou la <strong>posture de l\u2019enfant<\/strong> favorisent une ouverture du diaphragme et un \u00e9tirement doux du dos.<\/p>\n<h3>Le chant<\/h3>\n<p>La pratique du <strong>chant<\/strong> implique un <strong>contr\u00f4le pr\u00e9cis de la respiration<\/strong> et sollicite les muscles du tronc. Elle am\u00e9liore la tonicit\u00e9 du diaphragme et favorise une meilleure posture.<\/p>\n<h3>La coh\u00e9rence cardiaque<\/h3>\n<p>La <strong>coh\u00e9rence cardiaque<\/strong> est une m\u00e9thode de gestion du stress qui repose sur la <strong>respiration rythm\u00e9e<\/strong> (5 secondes d\u2019inspiration, 5 secondes d\u2019expiration). En r\u00e9gulant le syst\u00e8me nerveux autonome, elle diminue les tensions musculaires li\u00e9es \u00e0 l\u2019anxi\u00e9t\u00e9, notamment dans le dos.<\/p>\n<h2>6. Int\u00e9grer la respiration \u00e0 sa routine de soin du dos<\/h2>\n<p>Voici quelques conseils pour ancrer ces pratiques dans votre quotidien :<\/p>\n<ul>\n<li>Commencez ou terminez la journ\u00e9e par 5 minutes de respiration abdominale.<\/li>\n<li>Faites une pause respiratoire toutes les 2 heures en t\u00e9l\u00e9travail.<\/li>\n<li>Ajoutez une posture de yoga ou un exercice de coh\u00e9rence cardiaque lors des \u00e9tirements du dos.<\/li>\n<li>En cas de douleur aigu\u00eb, allongez-vous sur le dos et respirez profond\u00e9ment pour d\u00e9tendre la zone.<\/li>\n<\/ul>\n<p>Ces <strong>petits rituels<\/strong> ont un effet cumul\u00e9 et durable sur la <strong>sant\u00e9 dorsale<\/strong>.<\/p>\n<h2>Conclusion<\/h2>\n<p>La <strong>respiration<\/strong> est bien plus qu\u2019un r\u00e9flexe vital : c\u2019est un levier puissant pour <strong>pr\u00e9venir et soulager les douleurs de dos<\/strong>. En prenant conscience du r\u00f4le du diaphragme, en adoptant des <strong>exercices de respiration posturale<\/strong> et en s\u2019inspirant du yoga ou du chant, chacun peut am\u00e9liorer sa posture, sa vitalit\u00e9 et son bien-\u00eatre global.<\/p>\n<p><strong>La Boutique du Dos<\/strong> vous accompagne dans cette d\u00e9marche en proposant des <a href=\"https:\/\/www.laboutiquedudos.com\/31-renforcement-musculaire\" target=\"_blank\" rel=\"noopener\"><strong>accessoires ergonomiques<\/strong><\/a> et du contenu p\u00e9dagogique pour mieux comprendre et entretenir votre dos au quotidien.<\/p>\n<p><em>Sources<\/em><\/p>\n<ul>\n<li>Haute Autorit\u00e9 de Sant\u00e9 \u2013 <em>Prise en charge de la lombalgie chronique<\/em><\/li>\n<li>Revue Kin\u00e9sith\u00e9rapie \u2013 <em>Respiration et stabilit\u00e9 lombo-pelvienne<\/em>, 2022<\/li>\n<li>Institut de Gasquet \u2013 <em>Abdominaux : arr\u00eatons le massacre !<\/em><\/li>\n<li>Universit\u00e9 de Li\u00e8ge \u2013 <em>R\u00f4le du diaphragme dans la posture et la douleur<\/em>, 2019<\/li>\n<li>CNRS \u2013 <em>Coh\u00e9rence cardiaque et activation parasympathique<\/em>, 2020<\/li>\n<\/ul>\n","protected":false},"excerpt":{"rendered":"<p>Quand on parle de douleurs dorsales, on pense instinctivement \u00e0 la posture, au stress ou au manque d&rsquo;activit\u00e9 physique. Pourtant, un facteur essentiel est souvent oubli\u00e9\u202f: la respiration. En particulier, le r\u00f4le du diaphragme, ce muscle central du corps, est fondamental dans l\u2019\u00e9quilibre postural et la gestion des tensions. Dans cet article, nous allons explorer&hellip;<\/p>\n","protected":false},"author":14,"featured_media":1084,"comment_status":"closed","ping_status":"open","sticky":false,"template":"","format":"standard","meta":{"_acf_changed":false,"footnotes":""},"categories":[10],"tags":[],"class_list":["post-1074","post","type-post","status-publish","format-standard","has-post-thumbnail","hentry","category-conseils"],"acf":[],"yoast_head":"<!-- This site is optimized with the Yoast SEO plugin v27.5 - https:\/\/yoast.com\/product\/yoast-seo-wordpress\/ -->\n<title>Le dos et la respiration : une cl\u00e9 souvent oubli\u00e9e<\/title>\n<meta name=\"description\" content=\"Dans cet article, nous allons explorer le lien entre respiration et sant\u00e9 du dos, comprendre comment une mauvaise respiration peut favoriser les douleurs, et d\u00e9couvrir des exercices simples issus du yoga, de la coh\u00e9rence cardiaque ou du chant pour r\u00e9tablir une meilleure synergie entre souffle et posture.\" \/>\n<meta name=\"robots\" content=\"index, follow, max-snippet:-1, max-image-preview:large, max-video-preview:-1\" \/>\n<link rel=\"canonical\" href=\"https:\/\/www.laboutiquedudos.com\/blog\/conseils\/dos-respiration-oubliee\/\" \/>\n<meta property=\"og:locale\" content=\"fr_FR\" \/>\n<meta property=\"og:type\" content=\"article\" \/>\n<meta property=\"og:title\" content=\"Le dos et la respiration : une cl\u00e9 souvent oubli\u00e9e\" \/>\n<meta property=\"og:description\" content=\"Dans cet article, nous allons explorer le lien entre respiration et sant\u00e9 du dos, comprendre comment une mauvaise respiration peut favoriser les douleurs, et d\u00e9couvrir des exercices simples issus du yoga, de la coh\u00e9rence cardiaque ou du chant pour r\u00e9tablir une meilleure synergie entre souffle et posture.\" \/>\n<meta property=\"og:url\" content=\"https:\/\/www.laboutiquedudos.com\/blog\/conseils\/dos-respiration-oubliee\/\" \/>\n<meta property=\"og:site_name\" content=\"La Boutique du dos - Blog\" \/>\n<meta property=\"article:published_time\" content=\"2025-09-24T07:33:09+00:00\" \/>\n<meta property=\"og:image\" content=\"https:\/\/www.laboutiquedudos.com\/blog\/wp-content\/uploads\/2025\/09\/repiration-mal-dos.png\" \/>\n\t<meta property=\"og:image:width\" content=\"1024\" \/>\n\t<meta property=\"og:image:height\" content=\"1024\" \/>\n\t<meta property=\"og:image:type\" content=\"image\/png\" \/>\n<meta name=\"author\" content=\"Helene ceciaa.com@gmail.com\" \/>\n<meta name=\"twitter:card\" content=\"summary_large_image\" \/>\n<meta name=\"twitter:label1\" content=\"\u00c9crit par\" \/>\n\t<meta name=\"twitter:data1\" content=\"Helene ceciaa.com@gmail.com\" \/>\n\t<meta name=\"twitter:label2\" content=\"Dur\u00e9e de lecture estim\u00e9e\" \/>\n\t<meta name=\"twitter:data2\" content=\"5 minutes\" \/>\n<script type=\"application\/ld+json\" class=\"yoast-schema-graph\">{\"@context\":\"https:\\\/\\\/schema.org\",\"@graph\":[{\"@type\":\"Article\",\"@id\":\"https:\\\/\\\/www.laboutiquedudos.com\\\/blog\\\/conseils\\\/dos-respiration-oubliee\\\/#article\",\"isPartOf\":{\"@id\":\"https:\\\/\\\/www.laboutiquedudos.com\\\/blog\\\/conseils\\\/dos-respiration-oubliee\\\/\"},\"author\":{\"name\":\"Helene ceciaa.com@gmail.com\",\"@id\":\"https:\\\/\\\/www.laboutiquedudos.com\\\/blog\\\/#\\\/schema\\\/person\\\/3b5312ded7554ea20fa241ba5b202696\"},\"headline\":\"Le dos et la respiration : une cl\u00e9 souvent oubli\u00e9e\",\"datePublished\":\"2025-09-24T07:33:09+00:00\",\"mainEntityOfPage\":{\"@id\":\"https:\\\/\\\/www.laboutiquedudos.com\\\/blog\\\/conseils\\\/dos-respiration-oubliee\\\/\"},\"wordCount\":950,\"image\":{\"@id\":\"https:\\\/\\\/www.laboutiquedudos.com\\\/blog\\\/conseils\\\/dos-respiration-oubliee\\\/#primaryimage\"},\"thumbnailUrl\":\"https:\\\/\\\/www.laboutiquedudos.com\\\/blog\\\/wp-content\\\/uploads\\\/2025\\\/09\\\/repiration-mal-dos.png\",\"articleSection\":[\"Conseils\"],\"inLanguage\":\"fr-FR\"},{\"@type\":\"WebPage\",\"@id\":\"https:\\\/\\\/www.laboutiquedudos.com\\\/blog\\\/conseils\\\/dos-respiration-oubliee\\\/\",\"url\":\"https:\\\/\\\/www.laboutiquedudos.com\\\/blog\\\/conseils\\\/dos-respiration-oubliee\\\/\",\"name\":\"Le dos et la respiration : une cl\u00e9 souvent oubli\u00e9e\",\"isPartOf\":{\"@id\":\"https:\\\/\\\/www.laboutiquedudos.com\\\/blog\\\/#website\"},\"primaryImageOfPage\":{\"@id\":\"https:\\\/\\\/www.laboutiquedudos.com\\\/blog\\\/conseils\\\/dos-respiration-oubliee\\\/#primaryimage\"},\"image\":{\"@id\":\"https:\\\/\\\/www.laboutiquedudos.com\\\/blog\\\/conseils\\\/dos-respiration-oubliee\\\/#primaryimage\"},\"thumbnailUrl\":\"https:\\\/\\\/www.laboutiquedudos.com\\\/blog\\\/wp-content\\\/uploads\\\/2025\\\/09\\\/repiration-mal-dos.png\",\"datePublished\":\"2025-09-24T07:33:09+00:00\",\"author\":{\"@id\":\"https:\\\/\\\/www.laboutiquedudos.com\\\/blog\\\/#\\\/schema\\\/person\\\/3b5312ded7554ea20fa241ba5b202696\"},\"description\":\"Dans cet article, nous allons explorer le lien entre respiration et sant\u00e9 du dos, comprendre comment une mauvaise respiration peut favoriser les douleurs, et d\u00e9couvrir des exercices simples issus du yoga, de la coh\u00e9rence cardiaque ou du chant pour r\u00e9tablir une meilleure synergie entre souffle et posture.\",\"breadcrumb\":{\"@id\":\"https:\\\/\\\/www.laboutiquedudos.com\\\/blog\\\/conseils\\\/dos-respiration-oubliee\\\/#breadcrumb\"},\"inLanguage\":\"fr-FR\",\"potentialAction\":[{\"@type\":\"ReadAction\",\"target\":[\"https:\\\/\\\/www.laboutiquedudos.com\\\/blog\\\/conseils\\\/dos-respiration-oubliee\\\/\"]}]},{\"@type\":\"ImageObject\",\"inLanguage\":\"fr-FR\",\"@id\":\"https:\\\/\\\/www.laboutiquedudos.com\\\/blog\\\/conseils\\\/dos-respiration-oubliee\\\/#primaryimage\",\"url\":\"https:\\\/\\\/www.laboutiquedudos.com\\\/blog\\\/wp-content\\\/uploads\\\/2025\\\/09\\\/repiration-mal-dos.png\",\"contentUrl\":\"https:\\\/\\\/www.laboutiquedudos.com\\\/blog\\\/wp-content\\\/uploads\\\/2025\\\/09\\\/repiration-mal-dos.png\",\"width\":1024,\"height\":1024,\"caption\":\"Respiration et mal de dos - Image g\u00e9n\u00e9r\u00e9e par IA\"},{\"@type\":\"BreadcrumbList\",\"@id\":\"https:\\\/\\\/www.laboutiquedudos.com\\\/blog\\\/conseils\\\/dos-respiration-oubliee\\\/#breadcrumb\",\"itemListElement\":[{\"@type\":\"ListItem\",\"position\":1,\"name\":\"Accueil\",\"item\":\"https:\\\/\\\/www.laboutiquedudos.com\\\/blog\\\/\"},{\"@type\":\"ListItem\",\"position\":2,\"name\":\"Le dos et la respiration : une cl\u00e9 souvent oubli\u00e9e\"}]},{\"@type\":\"WebSite\",\"@id\":\"https:\\\/\\\/www.laboutiquedudos.com\\\/blog\\\/#website\",\"url\":\"https:\\\/\\\/www.laboutiquedudos.com\\\/blog\\\/\",\"name\":\"La Boutique du dos - Blog\",\"description\":\"\",\"potentialAction\":[{\"@type\":\"SearchAction\",\"target\":{\"@type\":\"EntryPoint\",\"urlTemplate\":\"https:\\\/\\\/www.laboutiquedudos.com\\\/blog\\\/?s={search_term_string}\"},\"query-input\":{\"@type\":\"PropertyValueSpecification\",\"valueRequired\":true,\"valueName\":\"search_term_string\"}}],\"inLanguage\":\"fr-FR\"},{\"@type\":\"Person\",\"@id\":\"https:\\\/\\\/www.laboutiquedudos.com\\\/blog\\\/#\\\/schema\\\/person\\\/3b5312ded7554ea20fa241ba5b202696\",\"name\":\"Helene ceciaa.com@gmail.com\",\"image\":{\"@type\":\"ImageObject\",\"inLanguage\":\"fr-FR\",\"@id\":\"https:\\\/\\\/secure.gravatar.com\\\/avatar\\\/a21d6fe7e97c7e5e4519261060048daac77a3c9f903386ffe720413c8f2611e0?s=96&d=mm&r=g\",\"url\":\"https:\\\/\\\/secure.gravatar.com\\\/avatar\\\/a21d6fe7e97c7e5e4519261060048daac77a3c9f903386ffe720413c8f2611e0?s=96&d=mm&r=g\",\"contentUrl\":\"https:\\\/\\\/secure.gravatar.com\\\/avatar\\\/a21d6fe7e97c7e5e4519261060048daac77a3c9f903386ffe720413c8f2611e0?s=96&d=mm&r=g\",\"caption\":\"Helene ceciaa.com@gmail.com\"},\"url\":\"https:\\\/\\\/www.laboutiquedudos.com\\\/blog\\\/author\\\/helene\\\/\"}]}<\/script>\n<!-- \/ Yoast SEO plugin. -->","yoast_head_json":{"title":"Le dos et la respiration : une cl\u00e9 souvent oubli\u00e9e","description":"Dans cet article, nous allons explorer le lien entre respiration et sant\u00e9 du dos, comprendre comment une mauvaise respiration peut favoriser les douleurs, et d\u00e9couvrir des exercices simples issus du yoga, de la coh\u00e9rence cardiaque ou du chant pour r\u00e9tablir une meilleure synergie entre souffle et posture.","robots":{"index":"index","follow":"follow","max-snippet":"max-snippet:-1","max-image-preview":"max-image-preview:large","max-video-preview":"max-video-preview:-1"},"canonical":"https:\/\/www.laboutiquedudos.com\/blog\/conseils\/dos-respiration-oubliee\/","og_locale":"fr_FR","og_type":"article","og_title":"Le dos et la respiration : une cl\u00e9 souvent oubli\u00e9e","og_description":"Dans cet article, nous allons explorer le lien entre respiration et sant\u00e9 du dos, comprendre comment une mauvaise respiration peut favoriser les douleurs, et d\u00e9couvrir des exercices simples issus du yoga, de la coh\u00e9rence cardiaque ou du chant pour r\u00e9tablir une meilleure synergie entre souffle et posture.","og_url":"https:\/\/www.laboutiquedudos.com\/blog\/conseils\/dos-respiration-oubliee\/","og_site_name":"La Boutique du dos - Blog","article_published_time":"2025-09-24T07:33:09+00:00","og_image":[{"width":1024,"height":1024,"url":"https:\/\/www.laboutiquedudos.com\/blog\/wp-content\/uploads\/2025\/09\/repiration-mal-dos.png","type":"image\/png"}],"author":"Helene ceciaa.com@gmail.com","twitter_card":"summary_large_image","twitter_misc":{"\u00c9crit par":"Helene ceciaa.com@gmail.com","Dur\u00e9e de lecture estim\u00e9e":"5 minutes"},"schema":{"@context":"https:\/\/schema.org","@graph":[{"@type":"Article","@id":"https:\/\/www.laboutiquedudos.com\/blog\/conseils\/dos-respiration-oubliee\/#article","isPartOf":{"@id":"https:\/\/www.laboutiquedudos.com\/blog\/conseils\/dos-respiration-oubliee\/"},"author":{"name":"Helene ceciaa.com@gmail.com","@id":"https:\/\/www.laboutiquedudos.com\/blog\/#\/schema\/person\/3b5312ded7554ea20fa241ba5b202696"},"headline":"Le dos et la respiration : une cl\u00e9 souvent oubli\u00e9e","datePublished":"2025-09-24T07:33:09+00:00","mainEntityOfPage":{"@id":"https:\/\/www.laboutiquedudos.com\/blog\/conseils\/dos-respiration-oubliee\/"},"wordCount":950,"image":{"@id":"https:\/\/www.laboutiquedudos.com\/blog\/conseils\/dos-respiration-oubliee\/#primaryimage"},"thumbnailUrl":"https:\/\/www.laboutiquedudos.com\/blog\/wp-content\/uploads\/2025\/09\/repiration-mal-dos.png","articleSection":["Conseils"],"inLanguage":"fr-FR"},{"@type":"WebPage","@id":"https:\/\/www.laboutiquedudos.com\/blog\/conseils\/dos-respiration-oubliee\/","url":"https:\/\/www.laboutiquedudos.com\/blog\/conseils\/dos-respiration-oubliee\/","name":"Le dos et la respiration : une cl\u00e9 souvent oubli\u00e9e","isPartOf":{"@id":"https:\/\/www.laboutiquedudos.com\/blog\/#website"},"primaryImageOfPage":{"@id":"https:\/\/www.laboutiquedudos.com\/blog\/conseils\/dos-respiration-oubliee\/#primaryimage"},"image":{"@id":"https:\/\/www.laboutiquedudos.com\/blog\/conseils\/dos-respiration-oubliee\/#primaryimage"},"thumbnailUrl":"https:\/\/www.laboutiquedudos.com\/blog\/wp-content\/uploads\/2025\/09\/repiration-mal-dos.png","datePublished":"2025-09-24T07:33:09+00:00","author":{"@id":"https:\/\/www.laboutiquedudos.com\/blog\/#\/schema\/person\/3b5312ded7554ea20fa241ba5b202696"},"description":"Dans cet article, nous allons explorer le lien entre respiration et sant\u00e9 du dos, comprendre comment une mauvaise respiration peut favoriser les douleurs, et d\u00e9couvrir des exercices simples issus du yoga, de la coh\u00e9rence cardiaque ou du chant pour r\u00e9tablir une meilleure synergie entre souffle et posture.","breadcrumb":{"@id":"https:\/\/www.laboutiquedudos.com\/blog\/conseils\/dos-respiration-oubliee\/#breadcrumb"},"inLanguage":"fr-FR","potentialAction":[{"@type":"ReadAction","target":["https:\/\/www.laboutiquedudos.com\/blog\/conseils\/dos-respiration-oubliee\/"]}]},{"@type":"ImageObject","inLanguage":"fr-FR","@id":"https:\/\/www.laboutiquedudos.com\/blog\/conseils\/dos-respiration-oubliee\/#primaryimage","url":"https:\/\/www.laboutiquedudos.com\/blog\/wp-content\/uploads\/2025\/09\/repiration-mal-dos.png","contentUrl":"https:\/\/www.laboutiquedudos.com\/blog\/wp-content\/uploads\/2025\/09\/repiration-mal-dos.png","width":1024,"height":1024,"caption":"Respiration et mal de dos - Image g\u00e9n\u00e9r\u00e9e par IA"},{"@type":"BreadcrumbList","@id":"https:\/\/www.laboutiquedudos.com\/blog\/conseils\/dos-respiration-oubliee\/#breadcrumb","itemListElement":[{"@type":"ListItem","position":1,"name":"Accueil","item":"https:\/\/www.laboutiquedudos.com\/blog\/"},{"@type":"ListItem","position":2,"name":"Le dos et la respiration : une cl\u00e9 souvent oubli\u00e9e"}]},{"@type":"WebSite","@id":"https:\/\/www.laboutiquedudos.com\/blog\/#website","url":"https:\/\/www.laboutiquedudos.com\/blog\/","name":"La Boutique du dos - Blog","description":"","potentialAction":[{"@type":"SearchAction","target":{"@type":"EntryPoint","urlTemplate":"https:\/\/www.laboutiquedudos.com\/blog\/?s={search_term_string}"},"query-input":{"@type":"PropertyValueSpecification","valueRequired":true,"valueName":"search_term_string"}}],"inLanguage":"fr-FR"},{"@type":"Person","@id":"https:\/\/www.laboutiquedudos.com\/blog\/#\/schema\/person\/3b5312ded7554ea20fa241ba5b202696","name":"Helene ceciaa.com@gmail.com","image":{"@type":"ImageObject","inLanguage":"fr-FR","@id":"https:\/\/secure.gravatar.com\/avatar\/a21d6fe7e97c7e5e4519261060048daac77a3c9f903386ffe720413c8f2611e0?s=96&d=mm&r=g","url":"https:\/\/secure.gravatar.com\/avatar\/a21d6fe7e97c7e5e4519261060048daac77a3c9f903386ffe720413c8f2611e0?s=96&d=mm&r=g","contentUrl":"https:\/\/secure.gravatar.com\/avatar\/a21d6fe7e97c7e5e4519261060048daac77a3c9f903386ffe720413c8f2611e0?s=96&d=mm&r=g","caption":"Helene ceciaa.com@gmail.com"},"url":"https:\/\/www.laboutiquedudos.com\/blog\/author\/helene\/"}]}},"_links":{"self":[{"href":"https:\/\/www.laboutiquedudos.com\/blog\/wp-json\/wp\/v2\/posts\/1074","targetHints":{"allow":["GET"]}}],"collection":[{"href":"https:\/\/www.laboutiquedudos.com\/blog\/wp-json\/wp\/v2\/posts"}],"about":[{"href":"https:\/\/www.laboutiquedudos.com\/blog\/wp-json\/wp\/v2\/types\/post"}],"author":[{"embeddable":true,"href":"https:\/\/www.laboutiquedudos.com\/blog\/wp-json\/wp\/v2\/users\/14"}],"replies":[{"embeddable":true,"href":"https:\/\/www.laboutiquedudos.com\/blog\/wp-json\/wp\/v2\/comments?post=1074"}],"version-history":[{"count":1,"href":"https:\/\/www.laboutiquedudos.com\/blog\/wp-json\/wp\/v2\/posts\/1074\/revisions"}],"predecessor-version":[{"id":1075,"href":"https:\/\/www.laboutiquedudos.com\/blog\/wp-json\/wp\/v2\/posts\/1074\/revisions\/1075"}],"wp:featuredmedia":[{"embeddable":true,"href":"https:\/\/www.laboutiquedudos.com\/blog\/wp-json\/wp\/v2\/media\/1084"}],"wp:attachment":[{"href":"https:\/\/www.laboutiquedudos.com\/blog\/wp-json\/wp\/v2\/media?parent=1074"}],"wp:term":[{"taxonomy":"category","embeddable":true,"href":"https:\/\/www.laboutiquedudos.com\/blog\/wp-json\/wp\/v2\/categories?post=1074"},{"taxonomy":"post_tag","embeddable":true,"href":"https:\/\/www.laboutiquedudos.com\/blog\/wp-json\/wp\/v2\/tags?post=1074"}],"curies":[{"name":"wp","href":"https:\/\/api.w.org\/{rel}","templated":true}]}}