{"id":1056,"date":"2025-09-03T11:58:00","date_gmt":"2025-09-03T09:58:00","guid":{"rendered":"https:\/\/www.laboutiquedudos.com\/blog\/?p=1056"},"modified":"2025-07-28T09:10:06","modified_gmt":"2025-07-28T07:10:06","slug":"lit-oreiller-ergonomiques-dos-besoin-bien-dormir","status":"publish","type":"post","link":"https:\/\/www.laboutiquedudos.com\/blog\/conseils\/lit-oreiller-ergonomiques-dos-besoin-bien-dormir\/","title":{"rendered":"Lit et oreiller ergonomiques : le dos aussi a besoin de bien dormir"},"content":{"rendered":"<p>Un <strong>sommeil r\u00e9parateur<\/strong> est essentiel pour maintenir une bonne <strong>sant\u00e9 du dos<\/strong>. Pourtant, de nombreuses personnes souffrent de <strong>douleurs dorsales ou cervicales<\/strong> au r\u00e9veil, caus\u00e9es par une <strong>mauvaise posture de sommeil<\/strong> ou un <strong>mauvais choix de literie<\/strong>. Adopter un <strong>lit ergonomique<\/strong> et choisir un <strong>oreiller adapt\u00e9<\/strong> \u00e0 sa morphologie et \u00e0 sa position de sommeil peut transformer vos nuits et pr\u00e9server votre colonne vert\u00e9brale.<\/p>\n<p>Dans cet article, nous d\u00e9taillons les <strong>positions de sommeil qui soulagent<\/strong>, les crit\u00e8res pour <strong>choisir un oreiller ergonomique<\/strong>, un <strong>comparatif des oreillers<\/strong> (\u00e0 m\u00e9moire de forme, \u00e0 eau, cervicaux\u2026), ainsi que d\u2019autres conseils pratiques pour am\u00e9liorer la <strong>qualit\u00e9 de votre sommeil<\/strong> tout en prenant soin de votre dos.<\/p>\n<h2>1. Positions de sommeil qui soulagent<\/h2>\n<p>La mani\u00e8re dont vous dormez a une incidence directe sur l\u2019alignement de votre colonne vert\u00e9brale et la qualit\u00e9 de votre r\u00e9cup\u00e9ration.<\/p>\n<ul>\n<li><strong>Sur le dos<\/strong> : position recommand\u00e9e pour maintenir la colonne dans une position neutre. L\u2019ajout d\u2019un <strong>petit coussin sous les genoux<\/strong> peut soulager la pression lombaire.<\/li>\n<li><strong>Sur le c\u00f4t\u00e9<\/strong> : en position f\u0153tale mod\u00e9r\u00e9e, avec un <strong>oreiller entre les genoux<\/strong> pour \u00e9viter la rotation du bassin.<\/li>\n<li><strong>\u00c9viter de dormir sur le ventre<\/strong> : cette position provoque une torsion cervicale et une pression sur les lombaires.<\/li>\n<\/ul>\n<h2>2. Choisir un oreiller selon sa posture nocturne<\/h2>\n<p>Un <strong>oreiller ergonomique<\/strong> doit soutenir la t\u00eate et la nuque tout en respectant la courbure naturelle de la colonne.<\/p>\n<ul>\n<li><strong>Dormeurs sur le dos<\/strong> : optez pour un oreiller \u00e0 hauteur mod\u00e9r\u00e9e avec soutien cervical.<\/li>\n<li><strong>Dormeurs sur le c\u00f4t\u00e9<\/strong> : choisissez un oreiller plus \u00e9pais pour combler l\u2019espace entre l\u2019oreille et l\u2019\u00e9paule.<\/li>\n<li><strong>Dormeurs mixtes<\/strong> : pr\u00e9f\u00e9rez un <strong>oreiller adaptatif<\/strong> ou \u00e0 m\u00e9moire de forme modulable.<\/li>\n<\/ul>\n<h2>3. Comparatif : oreillers \u00e0 m\u00e9moire de forme, \u00e0 eau, cervicaux\u2026<\/h2>\n<ul>\n<li><strong>Oreillers \u00e0 m\u00e9moire de forme<\/strong> : s\u2019adaptent aux contours du cou, soulagent les points de pression. Parfaits pour les douleurs cervicales.<\/li>\n<li><strong>Oreillers cervicaux<\/strong> : de forme incurv\u00e9e, ils soutiennent activement la nuque. Recommand\u00e9s en cas de pathologies chroniques.<\/li>\n<li><strong>Oreillers \u00e0 eau<\/strong> : permettent un ajustement personnalis\u00e9 selon la quantit\u00e9 d\u2019eau. Offre un soutien dynamique.<\/li>\n<li><strong>Oreillers en latex<\/strong> : naturellement \u00e9lastiques, ils offrent un bon compromis entre fermet\u00e9 et confort, avec une excellente a\u00e9ration.<\/li>\n<li><strong>Oreillers rafra\u00eechissants<\/strong> : id\u00e9aux en cas de transpiration nocturne ou de bouff\u00e9es de chaleur.<\/li>\n<\/ul>\n<h2>4. Matelas et autres \u00e9l\u00e9ments de literie ergonomique<\/h2>\n<p>Le <strong>matelas<\/strong> joue un r\u00f4le tout aussi crucial. Il doit \u00e9pouser les courbes naturelles du corps et offrir un <strong>soutien homog\u00e8ne<\/strong>.<\/p>\n<ul>\n<li><strong>Matelas \u00e0 m\u00e9moire de forme<\/strong> : s\u2019adapte aux zones de pression, id\u00e9al pour les personnes souffrant de douleurs chroniques.<\/li>\n<li><strong>Matelas \u00e0 ressorts ensach\u00e9s<\/strong> : bon maintien et ind\u00e9pendance de couchage.<\/li>\n<li><strong>Matelas en latex<\/strong> : ferme, durable, naturellement anti-acariens.<\/li>\n<\/ul>\n<p>Compl\u00e9tez votre literie avec un <strong>surmatelas ergonomique<\/strong>, des <strong>oreillers de positionnement<\/strong> et un bon <strong>sommier<\/strong> pour optimiser le confort global.<\/p>\n<h2>Conclusion<\/h2>\n<p>Un <strong>bon sommeil<\/strong> commence par une literie bien choisie. Investir dans un <strong>lit et un oreiller ergonomiques<\/strong> permet non seulement de mieux dormir, mais aussi de <strong>pr\u00e9venir ou soulager les douleurs dorsales<\/strong>. En adaptant votre literie \u00e0 votre morphologie et \u00e0 vos habitudes de sommeil, vous am\u00e9liorez durablement votre qualit\u00e9 de vie nocturne.<\/p>\n<p><strong>La Boutique du Dos<\/strong> propose <a href=\"https:\/\/www.laboutiquedudos.com\/347-literie\" target=\"_blank\" rel=\"noopener\">une s\u00e9lection compl\u00e8te de <strong>coussins orthop\u00e9diques<\/strong>, <strong>oreillers ergonomiques<\/strong> et <strong>accessoires de literie<\/strong><\/a> adapt\u00e9s aux besoins de chacun.<\/p>\n<p><em>Sources<\/em><\/p>\n<ul>\n<li>Sleep Foundation : <em>Best Sleeping Positions for Back Pain<\/em>, 2023<\/li>\n<li>Institut National du Sommeil et de la Vigilance : <em>Bien dormir pour mieux vivre<\/em><\/li>\n<li>Revue Kin\u00e9 Actualit\u00e9 : <em>Postures de sommeil et sant\u00e9 du dos<\/em><\/li>\n<li>UFC Que Choisir : <em>Comparatif des oreillers ergonomiques<\/em>, 2024<\/li>\n<li>Conseils de l&rsquo;Ordre des kin\u00e9sith\u00e9rapeutes : <em>Le r\u00f4le du sommeil dans la r\u00e9cup\u00e9ration physique<\/em><\/li>\n<\/ul>\n","protected":false},"excerpt":{"rendered":"<p>Un sommeil r\u00e9parateur est essentiel pour maintenir une bonne sant\u00e9 du dos. Pourtant, de nombreuses personnes souffrent de douleurs dorsales ou cervicales au r\u00e9veil, caus\u00e9es par une mauvaise posture de sommeil ou un mauvais choix de literie. Adopter un lit ergonomique et choisir un oreiller adapt\u00e9 \u00e0 sa morphologie et \u00e0 sa position de sommeil&hellip;<\/p>\n","protected":false},"author":14,"featured_media":1057,"comment_status":"closed","ping_status":"open","sticky":false,"template":"","format":"standard","meta":{"_acf_changed":false,"footnotes":""},"categories":[10,8],"tags":[],"class_list":["post-1056","post","type-post","status-publish","format-standard","has-post-thumbnail","hentry","category-conseils","category-le-mal-de-dos-au-quotidien"],"acf":[],"yoast_head":"<!-- This site is optimized with the Yoast SEO plugin v27.5 - https:\/\/yoast.com\/product\/yoast-seo-wordpress\/ -->\n<title>Lit et oreiller ergonomiques : le dos aussi a besoin de bien dormir<\/title>\n<meta name=\"description\" content=\"Dans cet article, nous d\u00e9taillons les positions de sommeil qui soulagent, les crit\u00e8res pour choisir un oreiller ergonomique, un comparatif des oreillers (\u00e0 m\u00e9moire de forme, \u00e0 eau, cervicaux\u2026), ainsi que d\u2019autres conseils pratiques pour am\u00e9liorer la qualit\u00e9 de votre sommeil tout en prenant soin de votre dos.\" \/>\n<meta name=\"robots\" content=\"index, follow, max-snippet:-1, max-image-preview:large, max-video-preview:-1\" \/>\n<link rel=\"canonical\" href=\"https:\/\/www.laboutiquedudos.com\/blog\/conseils\/lit-oreiller-ergonomiques-dos-besoin-bien-dormir\/\" \/>\n<meta property=\"og:locale\" content=\"fr_FR\" \/>\n<meta property=\"og:type\" content=\"article\" \/>\n<meta property=\"og:title\" content=\"Lit et oreiller ergonomiques : le dos aussi a besoin de bien dormir\" \/>\n<meta property=\"og:description\" content=\"Dans cet article, nous d\u00e9taillons les positions de sommeil qui soulagent, les crit\u00e8res pour choisir un oreiller ergonomique, un comparatif des oreillers (\u00e0 m\u00e9moire de forme, \u00e0 eau, cervicaux\u2026), ainsi que d\u2019autres conseils pratiques pour am\u00e9liorer la qualit\u00e9 de votre sommeil tout en prenant soin de votre dos.\" \/>\n<meta property=\"og:url\" content=\"https:\/\/www.laboutiquedudos.com\/blog\/conseils\/lit-oreiller-ergonomiques-dos-besoin-bien-dormir\/\" \/>\n<meta property=\"og:site_name\" content=\"La Boutique du dos - Blog\" \/>\n<meta property=\"article:published_time\" content=\"2025-09-03T09:58:00+00:00\" \/>\n<meta property=\"og:image\" content=\"https:\/\/www.laboutiquedudos.com\/blog\/wp-content\/uploads\/2025\/07\/preserver-dos-sommeil.png\" \/>\n\t<meta property=\"og:image:width\" content=\"1024\" \/>\n\t<meta property=\"og:image:height\" content=\"1024\" \/>\n\t<meta property=\"og:image:type\" content=\"image\/png\" \/>\n<meta name=\"author\" content=\"Helene ceciaa.com@gmail.com\" \/>\n<meta name=\"twitter:card\" content=\"summary_large_image\" \/>\n<meta name=\"twitter:label1\" content=\"\u00c9crit par\" \/>\n\t<meta name=\"twitter:data1\" content=\"Helene ceciaa.com@gmail.com\" \/>\n\t<meta name=\"twitter:label2\" content=\"Dur\u00e9e de lecture estim\u00e9e\" \/>\n\t<meta name=\"twitter:data2\" content=\"4 minutes\" \/>\n<script type=\"application\/ld+json\" class=\"yoast-schema-graph\">{\"@context\":\"https:\\\/\\\/schema.org\",\"@graph\":[{\"@type\":\"Article\",\"@id\":\"https:\\\/\\\/www.laboutiquedudos.com\\\/blog\\\/conseils\\\/lit-oreiller-ergonomiques-dos-besoin-bien-dormir\\\/#article\",\"isPartOf\":{\"@id\":\"https:\\\/\\\/www.laboutiquedudos.com\\\/blog\\\/conseils\\\/lit-oreiller-ergonomiques-dos-besoin-bien-dormir\\\/\"},\"author\":{\"name\":\"Helene ceciaa.com@gmail.com\",\"@id\":\"https:\\\/\\\/www.laboutiquedudos.com\\\/blog\\\/#\\\/schema\\\/person\\\/3b5312ded7554ea20fa241ba5b202696\"},\"headline\":\"Lit et oreiller ergonomiques : le dos aussi a besoin de bien dormir\",\"datePublished\":\"2025-09-03T09:58:00+00:00\",\"mainEntityOfPage\":{\"@id\":\"https:\\\/\\\/www.laboutiquedudos.com\\\/blog\\\/conseils\\\/lit-oreiller-ergonomiques-dos-besoin-bien-dormir\\\/\"},\"wordCount\":630,\"image\":{\"@id\":\"https:\\\/\\\/www.laboutiquedudos.com\\\/blog\\\/conseils\\\/lit-oreiller-ergonomiques-dos-besoin-bien-dormir\\\/#primaryimage\"},\"thumbnailUrl\":\"https:\\\/\\\/www.laboutiquedudos.com\\\/blog\\\/wp-content\\\/uploads\\\/2025\\\/07\\\/preserver-dos-sommeil.png\",\"articleSection\":[\"Conseils\",\"Le mal de dos au quotidien\"],\"inLanguage\":\"fr-FR\"},{\"@type\":\"WebPage\",\"@id\":\"https:\\\/\\\/www.laboutiquedudos.com\\\/blog\\\/conseils\\\/lit-oreiller-ergonomiques-dos-besoin-bien-dormir\\\/\",\"url\":\"https:\\\/\\\/www.laboutiquedudos.com\\\/blog\\\/conseils\\\/lit-oreiller-ergonomiques-dos-besoin-bien-dormir\\\/\",\"name\":\"Lit et oreiller ergonomiques : le dos aussi a besoin de bien dormir\",\"isPartOf\":{\"@id\":\"https:\\\/\\\/www.laboutiquedudos.com\\\/blog\\\/#website\"},\"primaryImageOfPage\":{\"@id\":\"https:\\\/\\\/www.laboutiquedudos.com\\\/blog\\\/conseils\\\/lit-oreiller-ergonomiques-dos-besoin-bien-dormir\\\/#primaryimage\"},\"image\":{\"@id\":\"https:\\\/\\\/www.laboutiquedudos.com\\\/blog\\\/conseils\\\/lit-oreiller-ergonomiques-dos-besoin-bien-dormir\\\/#primaryimage\"},\"thumbnailUrl\":\"https:\\\/\\\/www.laboutiquedudos.com\\\/blog\\\/wp-content\\\/uploads\\\/2025\\\/07\\\/preserver-dos-sommeil.png\",\"datePublished\":\"2025-09-03T09:58:00+00:00\",\"author\":{\"@id\":\"https:\\\/\\\/www.laboutiquedudos.com\\\/blog\\\/#\\\/schema\\\/person\\\/3b5312ded7554ea20fa241ba5b202696\"},\"description\":\"Dans cet article, nous d\u00e9taillons les positions de sommeil qui soulagent, les crit\u00e8res pour choisir un oreiller ergonomique, un comparatif des oreillers (\u00e0 m\u00e9moire de forme, \u00e0 eau, cervicaux\u2026), ainsi que d\u2019autres conseils pratiques pour am\u00e9liorer la qualit\u00e9 de votre sommeil tout en prenant soin de votre dos.\",\"breadcrumb\":{\"@id\":\"https:\\\/\\\/www.laboutiquedudos.com\\\/blog\\\/conseils\\\/lit-oreiller-ergonomiques-dos-besoin-bien-dormir\\\/#breadcrumb\"},\"inLanguage\":\"fr-FR\",\"potentialAction\":[{\"@type\":\"ReadAction\",\"target\":[\"https:\\\/\\\/www.laboutiquedudos.com\\\/blog\\\/conseils\\\/lit-oreiller-ergonomiques-dos-besoin-bien-dormir\\\/\"]}]},{\"@type\":\"ImageObject\",\"inLanguage\":\"fr-FR\",\"@id\":\"https:\\\/\\\/www.laboutiquedudos.com\\\/blog\\\/conseils\\\/lit-oreiller-ergonomiques-dos-besoin-bien-dormir\\\/#primaryimage\",\"url\":\"https:\\\/\\\/www.laboutiquedudos.com\\\/blog\\\/wp-content\\\/uploads\\\/2025\\\/07\\\/preserver-dos-sommeil.png\",\"contentUrl\":\"https:\\\/\\\/www.laboutiquedudos.com\\\/blog\\\/wp-content\\\/uploads\\\/2025\\\/07\\\/preserver-dos-sommeil.png\",\"width\":1024,\"height\":1024,\"caption\":\"Pr\u00e9server le dos pendant son sommeil - Image g\u00e9n\u00e9r\u00e9e par IA\"},{\"@type\":\"BreadcrumbList\",\"@id\":\"https:\\\/\\\/www.laboutiquedudos.com\\\/blog\\\/conseils\\\/lit-oreiller-ergonomiques-dos-besoin-bien-dormir\\\/#breadcrumb\",\"itemListElement\":[{\"@type\":\"ListItem\",\"position\":1,\"name\":\"Accueil\",\"item\":\"https:\\\/\\\/www.laboutiquedudos.com\\\/blog\\\/\"},{\"@type\":\"ListItem\",\"position\":2,\"name\":\"Lit et oreiller ergonomiques : le dos aussi a besoin de bien dormir\"}]},{\"@type\":\"WebSite\",\"@id\":\"https:\\\/\\\/www.laboutiquedudos.com\\\/blog\\\/#website\",\"url\":\"https:\\\/\\\/www.laboutiquedudos.com\\\/blog\\\/\",\"name\":\"La Boutique du dos - Blog\",\"description\":\"\",\"potentialAction\":[{\"@type\":\"SearchAction\",\"target\":{\"@type\":\"EntryPoint\",\"urlTemplate\":\"https:\\\/\\\/www.laboutiquedudos.com\\\/blog\\\/?s={search_term_string}\"},\"query-input\":{\"@type\":\"PropertyValueSpecification\",\"valueRequired\":true,\"valueName\":\"search_term_string\"}}],\"inLanguage\":\"fr-FR\"},{\"@type\":\"Person\",\"@id\":\"https:\\\/\\\/www.laboutiquedudos.com\\\/blog\\\/#\\\/schema\\\/person\\\/3b5312ded7554ea20fa241ba5b202696\",\"name\":\"Helene ceciaa.com@gmail.com\",\"image\":{\"@type\":\"ImageObject\",\"inLanguage\":\"fr-FR\",\"@id\":\"https:\\\/\\\/secure.gravatar.com\\\/avatar\\\/a21d6fe7e97c7e5e4519261060048daac77a3c9f903386ffe720413c8f2611e0?s=96&d=mm&r=g\",\"url\":\"https:\\\/\\\/secure.gravatar.com\\\/avatar\\\/a21d6fe7e97c7e5e4519261060048daac77a3c9f903386ffe720413c8f2611e0?s=96&d=mm&r=g\",\"contentUrl\":\"https:\\\/\\\/secure.gravatar.com\\\/avatar\\\/a21d6fe7e97c7e5e4519261060048daac77a3c9f903386ffe720413c8f2611e0?s=96&d=mm&r=g\",\"caption\":\"Helene ceciaa.com@gmail.com\"},\"url\":\"https:\\\/\\\/www.laboutiquedudos.com\\\/blog\\\/author\\\/helene\\\/\"}]}<\/script>\n<!-- \/ Yoast SEO plugin. -->","yoast_head_json":{"title":"Lit et oreiller ergonomiques : le dos aussi a besoin de bien dormir","description":"Dans cet article, nous d\u00e9taillons les positions de sommeil qui soulagent, les crit\u00e8res pour choisir un oreiller ergonomique, un comparatif des oreillers (\u00e0 m\u00e9moire de forme, \u00e0 eau, cervicaux\u2026), ainsi que d\u2019autres conseils pratiques pour am\u00e9liorer la qualit\u00e9 de votre sommeil tout en prenant soin de votre dos.","robots":{"index":"index","follow":"follow","max-snippet":"max-snippet:-1","max-image-preview":"max-image-preview:large","max-video-preview":"max-video-preview:-1"},"canonical":"https:\/\/www.laboutiquedudos.com\/blog\/conseils\/lit-oreiller-ergonomiques-dos-besoin-bien-dormir\/","og_locale":"fr_FR","og_type":"article","og_title":"Lit et oreiller ergonomiques : le dos aussi a besoin de bien dormir","og_description":"Dans cet article, nous d\u00e9taillons les positions de sommeil qui soulagent, les crit\u00e8res pour choisir un oreiller ergonomique, un comparatif des oreillers (\u00e0 m\u00e9moire de forme, \u00e0 eau, cervicaux\u2026), ainsi que d\u2019autres conseils pratiques pour am\u00e9liorer la qualit\u00e9 de votre sommeil tout en prenant soin de votre dos.","og_url":"https:\/\/www.laboutiquedudos.com\/blog\/conseils\/lit-oreiller-ergonomiques-dos-besoin-bien-dormir\/","og_site_name":"La Boutique du dos - Blog","article_published_time":"2025-09-03T09:58:00+00:00","og_image":[{"width":1024,"height":1024,"url":"https:\/\/www.laboutiquedudos.com\/blog\/wp-content\/uploads\/2025\/07\/preserver-dos-sommeil.png","type":"image\/png"}],"author":"Helene ceciaa.com@gmail.com","twitter_card":"summary_large_image","twitter_misc":{"\u00c9crit par":"Helene ceciaa.com@gmail.com","Dur\u00e9e de lecture estim\u00e9e":"4 minutes"},"schema":{"@context":"https:\/\/schema.org","@graph":[{"@type":"Article","@id":"https:\/\/www.laboutiquedudos.com\/blog\/conseils\/lit-oreiller-ergonomiques-dos-besoin-bien-dormir\/#article","isPartOf":{"@id":"https:\/\/www.laboutiquedudos.com\/blog\/conseils\/lit-oreiller-ergonomiques-dos-besoin-bien-dormir\/"},"author":{"name":"Helene ceciaa.com@gmail.com","@id":"https:\/\/www.laboutiquedudos.com\/blog\/#\/schema\/person\/3b5312ded7554ea20fa241ba5b202696"},"headline":"Lit et oreiller ergonomiques : le dos aussi a besoin de bien dormir","datePublished":"2025-09-03T09:58:00+00:00","mainEntityOfPage":{"@id":"https:\/\/www.laboutiquedudos.com\/blog\/conseils\/lit-oreiller-ergonomiques-dos-besoin-bien-dormir\/"},"wordCount":630,"image":{"@id":"https:\/\/www.laboutiquedudos.com\/blog\/conseils\/lit-oreiller-ergonomiques-dos-besoin-bien-dormir\/#primaryimage"},"thumbnailUrl":"https:\/\/www.laboutiquedudos.com\/blog\/wp-content\/uploads\/2025\/07\/preserver-dos-sommeil.png","articleSection":["Conseils","Le mal de dos au quotidien"],"inLanguage":"fr-FR"},{"@type":"WebPage","@id":"https:\/\/www.laboutiquedudos.com\/blog\/conseils\/lit-oreiller-ergonomiques-dos-besoin-bien-dormir\/","url":"https:\/\/www.laboutiquedudos.com\/blog\/conseils\/lit-oreiller-ergonomiques-dos-besoin-bien-dormir\/","name":"Lit et oreiller ergonomiques : le dos aussi a besoin de bien dormir","isPartOf":{"@id":"https:\/\/www.laboutiquedudos.com\/blog\/#website"},"primaryImageOfPage":{"@id":"https:\/\/www.laboutiquedudos.com\/blog\/conseils\/lit-oreiller-ergonomiques-dos-besoin-bien-dormir\/#primaryimage"},"image":{"@id":"https:\/\/www.laboutiquedudos.com\/blog\/conseils\/lit-oreiller-ergonomiques-dos-besoin-bien-dormir\/#primaryimage"},"thumbnailUrl":"https:\/\/www.laboutiquedudos.com\/blog\/wp-content\/uploads\/2025\/07\/preserver-dos-sommeil.png","datePublished":"2025-09-03T09:58:00+00:00","author":{"@id":"https:\/\/www.laboutiquedudos.com\/blog\/#\/schema\/person\/3b5312ded7554ea20fa241ba5b202696"},"description":"Dans cet article, nous d\u00e9taillons les positions de sommeil qui soulagent, les crit\u00e8res pour choisir un oreiller ergonomique, un comparatif des oreillers (\u00e0 m\u00e9moire de forme, \u00e0 eau, cervicaux\u2026), ainsi que d\u2019autres conseils pratiques pour am\u00e9liorer la qualit\u00e9 de votre sommeil tout en prenant soin de votre dos.","breadcrumb":{"@id":"https:\/\/www.laboutiquedudos.com\/blog\/conseils\/lit-oreiller-ergonomiques-dos-besoin-bien-dormir\/#breadcrumb"},"inLanguage":"fr-FR","potentialAction":[{"@type":"ReadAction","target":["https:\/\/www.laboutiquedudos.com\/blog\/conseils\/lit-oreiller-ergonomiques-dos-besoin-bien-dormir\/"]}]},{"@type":"ImageObject","inLanguage":"fr-FR","@id":"https:\/\/www.laboutiquedudos.com\/blog\/conseils\/lit-oreiller-ergonomiques-dos-besoin-bien-dormir\/#primaryimage","url":"https:\/\/www.laboutiquedudos.com\/blog\/wp-content\/uploads\/2025\/07\/preserver-dos-sommeil.png","contentUrl":"https:\/\/www.laboutiquedudos.com\/blog\/wp-content\/uploads\/2025\/07\/preserver-dos-sommeil.png","width":1024,"height":1024,"caption":"Pr\u00e9server le dos pendant son sommeil - Image g\u00e9n\u00e9r\u00e9e par IA"},{"@type":"BreadcrumbList","@id":"https:\/\/www.laboutiquedudos.com\/blog\/conseils\/lit-oreiller-ergonomiques-dos-besoin-bien-dormir\/#breadcrumb","itemListElement":[{"@type":"ListItem","position":1,"name":"Accueil","item":"https:\/\/www.laboutiquedudos.com\/blog\/"},{"@type":"ListItem","position":2,"name":"Lit et oreiller ergonomiques : le dos aussi a besoin de bien dormir"}]},{"@type":"WebSite","@id":"https:\/\/www.laboutiquedudos.com\/blog\/#website","url":"https:\/\/www.laboutiquedudos.com\/blog\/","name":"La Boutique du dos - Blog","description":"","potentialAction":[{"@type":"SearchAction","target":{"@type":"EntryPoint","urlTemplate":"https:\/\/www.laboutiquedudos.com\/blog\/?s={search_term_string}"},"query-input":{"@type":"PropertyValueSpecification","valueRequired":true,"valueName":"search_term_string"}}],"inLanguage":"fr-FR"},{"@type":"Person","@id":"https:\/\/www.laboutiquedudos.com\/blog\/#\/schema\/person\/3b5312ded7554ea20fa241ba5b202696","name":"Helene ceciaa.com@gmail.com","image":{"@type":"ImageObject","inLanguage":"fr-FR","@id":"https:\/\/secure.gravatar.com\/avatar\/a21d6fe7e97c7e5e4519261060048daac77a3c9f903386ffe720413c8f2611e0?s=96&d=mm&r=g","url":"https:\/\/secure.gravatar.com\/avatar\/a21d6fe7e97c7e5e4519261060048daac77a3c9f903386ffe720413c8f2611e0?s=96&d=mm&r=g","contentUrl":"https:\/\/secure.gravatar.com\/avatar\/a21d6fe7e97c7e5e4519261060048daac77a3c9f903386ffe720413c8f2611e0?s=96&d=mm&r=g","caption":"Helene ceciaa.com@gmail.com"},"url":"https:\/\/www.laboutiquedudos.com\/blog\/author\/helene\/"}]}},"_links":{"self":[{"href":"https:\/\/www.laboutiquedudos.com\/blog\/wp-json\/wp\/v2\/posts\/1056","targetHints":{"allow":["GET"]}}],"collection":[{"href":"https:\/\/www.laboutiquedudos.com\/blog\/wp-json\/wp\/v2\/posts"}],"about":[{"href":"https:\/\/www.laboutiquedudos.com\/blog\/wp-json\/wp\/v2\/types\/post"}],"author":[{"embeddable":true,"href":"https:\/\/www.laboutiquedudos.com\/blog\/wp-json\/wp\/v2\/users\/14"}],"replies":[{"embeddable":true,"href":"https:\/\/www.laboutiquedudos.com\/blog\/wp-json\/wp\/v2\/comments?post=1056"}],"version-history":[{"count":3,"href":"https:\/\/www.laboutiquedudos.com\/blog\/wp-json\/wp\/v2\/posts\/1056\/revisions"}],"predecessor-version":[{"id":1060,"href":"https:\/\/www.laboutiquedudos.com\/blog\/wp-json\/wp\/v2\/posts\/1056\/revisions\/1060"}],"wp:featuredmedia":[{"embeddable":true,"href":"https:\/\/www.laboutiquedudos.com\/blog\/wp-json\/wp\/v2\/media\/1057"}],"wp:attachment":[{"href":"https:\/\/www.laboutiquedudos.com\/blog\/wp-json\/wp\/v2\/media?parent=1056"}],"wp:term":[{"taxonomy":"category","embeddable":true,"href":"https:\/\/www.laboutiquedudos.com\/blog\/wp-json\/wp\/v2\/categories?post=1056"},{"taxonomy":"post_tag","embeddable":true,"href":"https:\/\/www.laboutiquedudos.com\/blog\/wp-json\/wp\/v2\/tags?post=1056"}],"curies":[{"name":"wp","href":"https:\/\/api.w.org\/{rel}","templated":true}]}}