{"id":1043,"date":"2025-08-13T11:34:14","date_gmt":"2025-08-13T09:34:14","guid":{"rendered":"https:\/\/www.laboutiquedudos.com\/blog\/?p=1043"},"modified":"2025-07-28T09:38:36","modified_gmt":"2025-07-28T07:38:36","slug":"dos-ados-prevenir-mauvaises-habitudes","status":"publish","type":"post","link":"https:\/\/www.laboutiquedudos.com\/blog\/conseils\/dos-ados-prevenir-mauvaises-habitudes\/","title":{"rendered":"Le dos des ados : pr\u00e9venir t\u00f4t les mauvaises habitudes"},"content":{"rendered":"<p><strong>L\u2019adolescence<\/strong> est une p\u00e9riode charni\u00e8re o\u00f9 le corps se transforme rapidement, mais c\u2019est aussi le moment o\u00f9 les <strong>mauvaises habitudes posturales<\/strong> s\u2019ancrent facilement. Port de sac trop lourd, posture avachie pour travailler ou jouer, <strong>s\u00e9dentarit\u00e9 croissante<\/strong>\u2026 Autant de facteurs qui, combin\u00e9s \u00e0 une croissance rapide, peuvent engendrer des <strong>douleurs dorsales pr\u00e9coces<\/strong>, voire des pathologies comme la <strong>scoliose<\/strong>.<\/p>\n<p>Dans cet article, nous verrons comment <strong>identifier et corriger ces mauvaises habitudes<\/strong>, comment <strong>choisir un mobilier adapt\u00e9<\/strong> pour les adolescents, et quelles <strong>pratiques simples<\/strong> mettre en place en famille pour pr\u00e9server la <strong>sant\u00e9 du dos<\/strong> sur le long terme.<\/p>\n<h2>1. Le port du sac : un poids pour la colonne<\/h2>\n<h3>Un sac trop lourd, mal port\u00e9<\/h3>\n<p>De nombreux adolescents portent quotidiennement des <strong>sacs d\u00e9passant 15% de leur poids corporel<\/strong>, souvent en bandouli\u00e8re ou sur une seule \u00e9paule. Cela <strong>d\u00e9s\u00e9quilibre la posture<\/strong> et cr\u00e9e des <strong>tensions asym\u00e9triques<\/strong>, en particulier au niveau des <strong>trap\u00e8zes<\/strong> et des <strong>lombaires<\/strong>.<\/p>\n<h3>Recommandations pratiques<\/h3>\n<ul>\n<li><strong>Privil\u00e9gier un sac \u00e0 dos<\/strong> \u00e0 deux bretelles larges et rembourr\u00e9es.<\/li>\n<li><strong>Bien ajuster les bretelles<\/strong> pour que le sac soit plaqu\u00e9 au dos.<\/li>\n<li><strong>R\u00e9partir le poids<\/strong> \u00e0 l\u2019aide des compartiments.<\/li>\n<li>Opter pour un <strong>cartable \u00e0 roulettes<\/strong> si possible, notamment pour les plus jeunes.<\/li>\n<\/ul>\n<h2>2. Position pour travailler ou jouer : l\u2019importance du poste de travail<\/h2>\n<h3>M\u00eame posture, diff\u00e9rents usages<\/h3>\n<p>Les adolescents passent de plus en plus de temps assis : devoirs, cours en ligne, jeux vid\u00e9o, t\u00e9l\u00e9phone\u2026 Une <strong>chaise mal adapt\u00e9e<\/strong>, un <strong>bureau mal r\u00e9gl\u00e9<\/strong>, un <strong>\u00e9cran mal positionn\u00e9<\/strong> favorisent l&rsquo;apparition de <strong>douleurs au dos et au cou<\/strong>.<\/p>\n<h3>Conseils pour un poste de travail ergonomique<\/h3>\n<ul>\n<li>L&rsquo;<strong>\u00e9cran \u00e0 hauteur des yeux<\/strong>.<\/li>\n<li>Les <strong>pieds \u00e0 plat<\/strong> au sol ou sur un repose-pieds.<\/li>\n<li><strong>Dos bien soutenu<\/strong> par un dossier droit ou l\u00e9g\u00e8rement inclin\u00e9.<\/li>\n<li>Prendre une <strong>pause toutes les 45 minutes<\/strong> pour s&rsquo;\u00e9tirer ou marcher.<\/li>\n<\/ul>\n<h3>Et pour le gaming ?<\/h3>\n<ul>\n<li><strong>Chaise de qualit\u00e9<\/strong> avec r\u00e9glages et soutien lombaire.<\/li>\n<li><strong>\u00c9viter de jouer allong\u00e9<\/strong> ou avachi dans le canap\u00e9 ou le lit.<\/li>\n<li>Installer un <strong>bureau gamer<\/strong> peut \u00eatre une bonne solution \u00e0 la maison.<\/li>\n<\/ul>\n<h2>3. Bien choisir le mobilier pour ado ou \u00e9tudiant<\/h2>\n<h3>Une chaise adapt\u00e9e \u00e0 la morphologie<\/h3>\n<p>Les adolescents <strong>grandissent vite<\/strong> : il faut <strong>adapter le mobilier r\u00e9guli\u00e8rement<\/strong>. Un <strong>si\u00e8ge ergonomique r\u00e9glable<\/strong> (en hauteur, profondeur, accoudoirs) est id\u00e9al.<\/p>\n<h3>Un bureau fonctionnel<\/h3>\n<ul>\n<li><strong>Bureau \u00e0 hauteur adapt\u00e9e<\/strong> (65 \u00e0 75 cm selon la taille).<\/li>\n<li>Des <strong>rangements int\u00e9gr\u00e9s<\/strong> pour d\u00e9gager le plan de travail.<\/li>\n<li>Une <strong>bonne lampe<\/strong> pour \u00e9viter de se pencher inutilement.<\/li>\n<\/ul>\n<h3>Mat\u00e9riaux et style<\/h3>\n<p>Choisir des <strong>mat\u00e9riaux durables<\/strong> et un design qui pla\u00eet \u00e0 l\u2019adolescent : <strong>un mobilier appr\u00e9ci\u00e9 est un mobilier utilis\u00e9<\/strong>.<\/p>\n<h2>4. Exercer le dos en famille : le mouvement comme habitude<\/h2>\n<h3>Le mouvement, antidote \u00e0 la s\u00e9dentarit\u00e9<\/h3>\n<p>L\u2019<strong>OMS recommande 60 minutes<\/strong> d\u2019activit\u00e9 physique par jour pour les jeunes. Or, <strong>l\u2019exc\u00e8s d\u2019\u00e9crans<\/strong> favorise l\u2019inactivit\u00e9 et le maintien prolong\u00e9 en position assise.<\/p>\n<h3>Activit\u00e9s ludiques en famille<\/h3>\n<ul>\n<li><strong>Balades<\/strong> ou <strong>randonn\u00e9es<\/strong> le week-end.<\/li>\n<li><strong>Activit\u00e9s sportives communes<\/strong> : natation, yoga, escalade.<\/li>\n<li><strong>Challenges familiaux<\/strong> (pas, gainage, \u00e9tirements\u2026)<\/li>\n<li>Petits <strong>jeux d\u2019\u00e9quilibre ou de posture<\/strong> \u00e0 faire \u00e0 la maison.<\/li>\n<\/ul>\n<h3>Exercices simples pour renforcer le dos<\/h3>\n<ul>\n<li><strong>Posture du chat\/vache<\/strong> (yoga).<\/li>\n<li><strong>Gainage ventral<\/strong> 30 sec \u00e0 1 min.<\/li>\n<li><strong>Pont fessier<\/strong> pour travailler les lombaires.<\/li>\n<li><strong>Cercles d\u2019\u00e9paules<\/strong> et <strong>auto-massages<\/strong>.<\/li>\n<\/ul>\n<h2>5. Scoliose : surveiller sans inqui\u00e9ter<\/h2>\n<h3>Qu\u2019est-ce que la scoliose ?<\/h3>\n<p>Il s\u2019agit d\u2019une <strong>d\u00e9formation de la colonne vert\u00e9brale<\/strong>, souvent d\u00e9tect\u00e9e lors de la <strong>croissance pubertaire<\/strong>. Elle se manifeste parfois par des <strong>asym\u00e9tries visibles<\/strong> (\u00e9paules, bassin, dos vo\u00fbt\u00e9).<\/p>\n<h3>Comment effectuer une surveillance simple ?<\/h3>\n<ul>\n<li><strong>Test de la flexion avant<\/strong> : demander \u00e0 l\u2019ado de se pencher en avant, bras rel\u00e2ch\u00e9s. Une <strong>gibbosit\u00e9<\/strong> (bosse) peut appara\u00eetre.<\/li>\n<li>Observer une <strong>\u00e9paule plus haute<\/strong>, <strong>omoplates asym\u00e9triques<\/strong> ou un <strong>creux de taille d\u00e9s\u00e9quilibr\u00e9<\/strong>.<\/li>\n<\/ul>\n<p>Ces signes doivent conduire \u00e0 <strong>consulter un professionnel de sant\u00e9<\/strong>.<\/p>\n<h3>Quand consulter ?<\/h3>\n<ul>\n<li>Si une <strong>asym\u00e9trie persistante<\/strong> est visible.<\/li>\n<li>En cas de <strong>douleurs dorsales r\u00e9guli\u00e8res<\/strong>.<\/li>\n<li>Lors des <strong>visites m\u00e9dicales scolaires<\/strong> (test de d\u00e9pistage).<\/li>\n<\/ul>\n<h3>Que faire en cas de suspicion ?<\/h3>\n<ul>\n<li>R\u00e9aliser un <strong>bilan postural<\/strong> ou une <strong>radiographie<\/strong>.<\/li>\n<li>Le traitement peut inclure : <strong>suivi, exercices cibl\u00e9s, corset<\/strong> selon les cas.<\/li>\n<\/ul>\n<p><strong>D\u00e9tect\u00e9e t\u00f4t, la scoliose se corrige plus facilement<\/strong>.<\/p>\n<h2>Conclusion<\/h2>\n<p><strong>Prendre soin du dos des adolescents<\/strong>, c\u2019est <strong>pr\u00e9parer leur bien-\u00eatre futur<\/strong>. En agissant sur leur <strong>posture<\/strong>, leur <strong>environnement de travail<\/strong> et leurs <strong>habitudes de mouvement<\/strong>, on peut \u00e9viter l\u2019installation de <strong>douleurs chroniques<\/strong> \u00e0 l\u2019\u00e2ge adulte.<\/p>\n<p><strong>La Boutique du Dos<\/strong> propose une gamme ergonomique sp\u00e9cialement pens\u00e9e pour les jeunes : <strong><a href=\"https:\/\/www.laboutiquedudos.com\/12-sieges-mobilier-juniors\" target=\"_blank\" rel=\"noopener\">si\u00e8ges r\u00e9glables<\/a>, <a href=\"https:\/\/www.laboutiquedudos.com\/10-bureaux-assis-debout-reglables-en-hauteur\" target=\"_blank\" rel=\"noopener\">bureaux adapt\u00e9s<\/a>, <a href=\"https:\/\/www.laboutiquedudos.com\/376-aides-posturales\" target=\"_blank\" rel=\"noopener\">accessoires de confort<\/a><\/strong>\u2026 Pour les aider \u00e0 grandir dans un corps align\u00e9, libre et respect\u00e9.<\/p>\n<p><em>Sources<\/em><\/p>\n<ul>\n<li>INSERM \u2013 La scoliose idiopathique de l\u2019adolescent, dossier grand public, 2021.<\/li>\n<li>HAS \u2013 Haute Autorit\u00e9 de Sant\u00e9, Recommandations sur le d\u00e9pistage de la scoliose, 2020.<\/li>\n<li>OMS \u2013 Activit\u00e9 physique chez les enfants et adolescents : recommandations globales sur l\u2019activit\u00e9 physique pour la sant\u00e9, 2020.<\/li>\n<li>INRS \u2013 Pr\u00e9vention des troubles musculo-squelettiques li\u00e9s aux postures assises prolong\u00e9es, 2019.<\/li>\n<li>Minist\u00e8re de l\u2019\u00c9ducation nationale \u2013 Guide d\u2019am\u00e9nagement des espaces scolaires pour une meilleure ergonomie, 2022.<\/li>\n<\/ul>\n","protected":false},"excerpt":{"rendered":"<p>L\u2019adolescence est une p\u00e9riode charni\u00e8re o\u00f9 le corps se transforme rapidement, mais c\u2019est aussi le moment o\u00f9 les mauvaises habitudes posturales s\u2019ancrent facilement. Port de sac trop lourd, posture avachie pour travailler ou jouer, s\u00e9dentarit\u00e9 croissante\u2026 Autant de facteurs qui, combin\u00e9s \u00e0 une croissance rapide, peuvent engendrer des douleurs dorsales pr\u00e9coces, voire des pathologies comme&hellip;<\/p>\n","protected":false},"author":14,"featured_media":1045,"comment_status":"closed","ping_status":"open","sticky":false,"template":"","format":"standard","meta":{"_acf_changed":false,"footnotes":""},"categories":[10],"tags":[],"class_list":["post-1043","post","type-post","status-publish","format-standard","has-post-thumbnail","hentry","category-conseils"],"acf":[],"yoast_head":"<!-- This site is optimized with the Yoast SEO plugin v27.5 - https:\/\/yoast.com\/product\/yoast-seo-wordpress\/ -->\n<title>Le dos des ados : pr\u00e9venir t\u00f4t les mauvaises habitudes<\/title>\n<meta name=\"description\" content=\"Dans cet article, nous verrons comment identifier et corriger ces mauvaises habitudes, comment choisir un mobilier adapt\u00e9 pour les adolescents, et quelles pratiques simples mettre en place en famille pour pr\u00e9server la sant\u00e9 du dos sur le long terme.\" \/>\n<meta name=\"robots\" content=\"index, follow, max-snippet:-1, max-image-preview:large, max-video-preview:-1\" \/>\n<link rel=\"canonical\" href=\"https:\/\/www.laboutiquedudos.com\/blog\/conseils\/dos-ados-prevenir-mauvaises-habitudes\/\" \/>\n<meta property=\"og:locale\" content=\"fr_FR\" \/>\n<meta property=\"og:type\" content=\"article\" \/>\n<meta property=\"og:title\" content=\"Le dos des ados : pr\u00e9venir t\u00f4t les mauvaises habitudes\" \/>\n<meta property=\"og:description\" content=\"Dans cet article, nous verrons comment identifier et corriger ces mauvaises habitudes, comment choisir un mobilier adapt\u00e9 pour les adolescents, et quelles pratiques simples mettre en place en famille pour pr\u00e9server la sant\u00e9 du dos sur le long terme.\" \/>\n<meta property=\"og:url\" content=\"https:\/\/www.laboutiquedudos.com\/blog\/conseils\/dos-ados-prevenir-mauvaises-habitudes\/\" \/>\n<meta property=\"og:site_name\" content=\"La Boutique du dos - Blog\" \/>\n<meta property=\"article:published_time\" content=\"2025-08-13T09:34:14+00:00\" \/>\n<meta property=\"og:image\" content=\"https:\/\/www.laboutiquedudos.com\/blog\/wp-content\/uploads\/2025\/08\/prevenir-mal-dos-ados.png\" \/>\n\t<meta property=\"og:image:width\" content=\"1024\" \/>\n\t<meta property=\"og:image:height\" content=\"1024\" \/>\n\t<meta property=\"og:image:type\" content=\"image\/png\" \/>\n<meta name=\"author\" content=\"Helene ceciaa.com@gmail.com\" \/>\n<meta name=\"twitter:card\" content=\"summary_large_image\" \/>\n<meta name=\"twitter:label1\" content=\"\u00c9crit par\" \/>\n\t<meta name=\"twitter:data1\" content=\"Helene ceciaa.com@gmail.com\" \/>\n\t<meta name=\"twitter:label2\" content=\"Dur\u00e9e de lecture estim\u00e9e\" \/>\n\t<meta name=\"twitter:data2\" content=\"5 minutes\" \/>\n<script type=\"application\/ld+json\" class=\"yoast-schema-graph\">{\"@context\":\"https:\\\/\\\/schema.org\",\"@graph\":[{\"@type\":\"Article\",\"@id\":\"https:\\\/\\\/www.laboutiquedudos.com\\\/blog\\\/conseils\\\/dos-ados-prevenir-mauvaises-habitudes\\\/#article\",\"isPartOf\":{\"@id\":\"https:\\\/\\\/www.laboutiquedudos.com\\\/blog\\\/conseils\\\/dos-ados-prevenir-mauvaises-habitudes\\\/\"},\"author\":{\"name\":\"Helene ceciaa.com@gmail.com\",\"@id\":\"https:\\\/\\\/www.laboutiquedudos.com\\\/blog\\\/#\\\/schema\\\/person\\\/3b5312ded7554ea20fa241ba5b202696\"},\"headline\":\"Le dos des ados : pr\u00e9venir t\u00f4t les mauvaises habitudes\",\"datePublished\":\"2025-08-13T09:34:14+00:00\",\"mainEntityOfPage\":{\"@id\":\"https:\\\/\\\/www.laboutiquedudos.com\\\/blog\\\/conseils\\\/dos-ados-prevenir-mauvaises-habitudes\\\/\"},\"wordCount\":867,\"image\":{\"@id\":\"https:\\\/\\\/www.laboutiquedudos.com\\\/blog\\\/conseils\\\/dos-ados-prevenir-mauvaises-habitudes\\\/#primaryimage\"},\"thumbnailUrl\":\"https:\\\/\\\/www.laboutiquedudos.com\\\/blog\\\/wp-content\\\/uploads\\\/2025\\\/08\\\/prevenir-mal-dos-ados.png\",\"articleSection\":[\"Conseils\"],\"inLanguage\":\"fr-FR\"},{\"@type\":\"WebPage\",\"@id\":\"https:\\\/\\\/www.laboutiquedudos.com\\\/blog\\\/conseils\\\/dos-ados-prevenir-mauvaises-habitudes\\\/\",\"url\":\"https:\\\/\\\/www.laboutiquedudos.com\\\/blog\\\/conseils\\\/dos-ados-prevenir-mauvaises-habitudes\\\/\",\"name\":\"Le dos des ados : pr\u00e9venir t\u00f4t les mauvaises habitudes\",\"isPartOf\":{\"@id\":\"https:\\\/\\\/www.laboutiquedudos.com\\\/blog\\\/#website\"},\"primaryImageOfPage\":{\"@id\":\"https:\\\/\\\/www.laboutiquedudos.com\\\/blog\\\/conseils\\\/dos-ados-prevenir-mauvaises-habitudes\\\/#primaryimage\"},\"image\":{\"@id\":\"https:\\\/\\\/www.laboutiquedudos.com\\\/blog\\\/conseils\\\/dos-ados-prevenir-mauvaises-habitudes\\\/#primaryimage\"},\"thumbnailUrl\":\"https:\\\/\\\/www.laboutiquedudos.com\\\/blog\\\/wp-content\\\/uploads\\\/2025\\\/08\\\/prevenir-mal-dos-ados.png\",\"datePublished\":\"2025-08-13T09:34:14+00:00\",\"author\":{\"@id\":\"https:\\\/\\\/www.laboutiquedudos.com\\\/blog\\\/#\\\/schema\\\/person\\\/3b5312ded7554ea20fa241ba5b202696\"},\"description\":\"Dans cet article, nous verrons comment identifier et corriger ces mauvaises habitudes, comment choisir un mobilier adapt\u00e9 pour les adolescents, et quelles pratiques simples mettre en place en famille pour pr\u00e9server la sant\u00e9 du dos sur le long terme.\",\"breadcrumb\":{\"@id\":\"https:\\\/\\\/www.laboutiquedudos.com\\\/blog\\\/conseils\\\/dos-ados-prevenir-mauvaises-habitudes\\\/#breadcrumb\"},\"inLanguage\":\"fr-FR\",\"potentialAction\":[{\"@type\":\"ReadAction\",\"target\":[\"https:\\\/\\\/www.laboutiquedudos.com\\\/blog\\\/conseils\\\/dos-ados-prevenir-mauvaises-habitudes\\\/\"]}]},{\"@type\":\"ImageObject\",\"inLanguage\":\"fr-FR\",\"@id\":\"https:\\\/\\\/www.laboutiquedudos.com\\\/blog\\\/conseils\\\/dos-ados-prevenir-mauvaises-habitudes\\\/#primaryimage\",\"url\":\"https:\\\/\\\/www.laboutiquedudos.com\\\/blog\\\/wp-content\\\/uploads\\\/2025\\\/08\\\/prevenir-mal-dos-ados.png\",\"contentUrl\":\"https:\\\/\\\/www.laboutiquedudos.com\\\/blog\\\/wp-content\\\/uploads\\\/2025\\\/08\\\/prevenir-mal-dos-ados.png\",\"width\":1024,\"height\":1024,\"caption\":\"Ado et mal de dos - Image g\u00e9n\u00e9r\u00e9e par IA\"},{\"@type\":\"BreadcrumbList\",\"@id\":\"https:\\\/\\\/www.laboutiquedudos.com\\\/blog\\\/conseils\\\/dos-ados-prevenir-mauvaises-habitudes\\\/#breadcrumb\",\"itemListElement\":[{\"@type\":\"ListItem\",\"position\":1,\"name\":\"Accueil\",\"item\":\"https:\\\/\\\/www.laboutiquedudos.com\\\/blog\\\/\"},{\"@type\":\"ListItem\",\"position\":2,\"name\":\"Le dos des ados : pr\u00e9venir t\u00f4t les mauvaises habitudes\"}]},{\"@type\":\"WebSite\",\"@id\":\"https:\\\/\\\/www.laboutiquedudos.com\\\/blog\\\/#website\",\"url\":\"https:\\\/\\\/www.laboutiquedudos.com\\\/blog\\\/\",\"name\":\"La Boutique du dos - Blog\",\"description\":\"\",\"potentialAction\":[{\"@type\":\"SearchAction\",\"target\":{\"@type\":\"EntryPoint\",\"urlTemplate\":\"https:\\\/\\\/www.laboutiquedudos.com\\\/blog\\\/?s={search_term_string}\"},\"query-input\":{\"@type\":\"PropertyValueSpecification\",\"valueRequired\":true,\"valueName\":\"search_term_string\"}}],\"inLanguage\":\"fr-FR\"},{\"@type\":\"Person\",\"@id\":\"https:\\\/\\\/www.laboutiquedudos.com\\\/blog\\\/#\\\/schema\\\/person\\\/3b5312ded7554ea20fa241ba5b202696\",\"name\":\"Helene ceciaa.com@gmail.com\",\"image\":{\"@type\":\"ImageObject\",\"inLanguage\":\"fr-FR\",\"@id\":\"https:\\\/\\\/secure.gravatar.com\\\/avatar\\\/a21d6fe7e97c7e5e4519261060048daac77a3c9f903386ffe720413c8f2611e0?s=96&d=mm&r=g\",\"url\":\"https:\\\/\\\/secure.gravatar.com\\\/avatar\\\/a21d6fe7e97c7e5e4519261060048daac77a3c9f903386ffe720413c8f2611e0?s=96&d=mm&r=g\",\"contentUrl\":\"https:\\\/\\\/secure.gravatar.com\\\/avatar\\\/a21d6fe7e97c7e5e4519261060048daac77a3c9f903386ffe720413c8f2611e0?s=96&d=mm&r=g\",\"caption\":\"Helene ceciaa.com@gmail.com\"},\"url\":\"https:\\\/\\\/www.laboutiquedudos.com\\\/blog\\\/author\\\/helene\\\/\"}]}<\/script>\n<!-- \/ Yoast SEO plugin. -->","yoast_head_json":{"title":"Le dos des ados : pr\u00e9venir t\u00f4t les mauvaises habitudes","description":"Dans cet article, nous verrons comment identifier et corriger ces mauvaises habitudes, comment choisir un mobilier adapt\u00e9 pour les adolescents, et quelles pratiques simples mettre en place en famille pour pr\u00e9server la sant\u00e9 du dos sur le long terme.","robots":{"index":"index","follow":"follow","max-snippet":"max-snippet:-1","max-image-preview":"max-image-preview:large","max-video-preview":"max-video-preview:-1"},"canonical":"https:\/\/www.laboutiquedudos.com\/blog\/conseils\/dos-ados-prevenir-mauvaises-habitudes\/","og_locale":"fr_FR","og_type":"article","og_title":"Le dos des ados : pr\u00e9venir t\u00f4t les mauvaises habitudes","og_description":"Dans cet article, nous verrons comment identifier et corriger ces mauvaises habitudes, comment choisir un mobilier adapt\u00e9 pour les adolescents, et quelles pratiques simples mettre en place en famille pour pr\u00e9server la sant\u00e9 du dos sur le long terme.","og_url":"https:\/\/www.laboutiquedudos.com\/blog\/conseils\/dos-ados-prevenir-mauvaises-habitudes\/","og_site_name":"La Boutique du dos - Blog","article_published_time":"2025-08-13T09:34:14+00:00","og_image":[{"width":1024,"height":1024,"url":"https:\/\/www.laboutiquedudos.com\/blog\/wp-content\/uploads\/2025\/08\/prevenir-mal-dos-ados.png","type":"image\/png"}],"author":"Helene ceciaa.com@gmail.com","twitter_card":"summary_large_image","twitter_misc":{"\u00c9crit par":"Helene ceciaa.com@gmail.com","Dur\u00e9e de lecture estim\u00e9e":"5 minutes"},"schema":{"@context":"https:\/\/schema.org","@graph":[{"@type":"Article","@id":"https:\/\/www.laboutiquedudos.com\/blog\/conseils\/dos-ados-prevenir-mauvaises-habitudes\/#article","isPartOf":{"@id":"https:\/\/www.laboutiquedudos.com\/blog\/conseils\/dos-ados-prevenir-mauvaises-habitudes\/"},"author":{"name":"Helene ceciaa.com@gmail.com","@id":"https:\/\/www.laboutiquedudos.com\/blog\/#\/schema\/person\/3b5312ded7554ea20fa241ba5b202696"},"headline":"Le dos des ados : pr\u00e9venir t\u00f4t les mauvaises habitudes","datePublished":"2025-08-13T09:34:14+00:00","mainEntityOfPage":{"@id":"https:\/\/www.laboutiquedudos.com\/blog\/conseils\/dos-ados-prevenir-mauvaises-habitudes\/"},"wordCount":867,"image":{"@id":"https:\/\/www.laboutiquedudos.com\/blog\/conseils\/dos-ados-prevenir-mauvaises-habitudes\/#primaryimage"},"thumbnailUrl":"https:\/\/www.laboutiquedudos.com\/blog\/wp-content\/uploads\/2025\/08\/prevenir-mal-dos-ados.png","articleSection":["Conseils"],"inLanguage":"fr-FR"},{"@type":"WebPage","@id":"https:\/\/www.laboutiquedudos.com\/blog\/conseils\/dos-ados-prevenir-mauvaises-habitudes\/","url":"https:\/\/www.laboutiquedudos.com\/blog\/conseils\/dos-ados-prevenir-mauvaises-habitudes\/","name":"Le dos des ados : pr\u00e9venir t\u00f4t les mauvaises habitudes","isPartOf":{"@id":"https:\/\/www.laboutiquedudos.com\/blog\/#website"},"primaryImageOfPage":{"@id":"https:\/\/www.laboutiquedudos.com\/blog\/conseils\/dos-ados-prevenir-mauvaises-habitudes\/#primaryimage"},"image":{"@id":"https:\/\/www.laboutiquedudos.com\/blog\/conseils\/dos-ados-prevenir-mauvaises-habitudes\/#primaryimage"},"thumbnailUrl":"https:\/\/www.laboutiquedudos.com\/blog\/wp-content\/uploads\/2025\/08\/prevenir-mal-dos-ados.png","datePublished":"2025-08-13T09:34:14+00:00","author":{"@id":"https:\/\/www.laboutiquedudos.com\/blog\/#\/schema\/person\/3b5312ded7554ea20fa241ba5b202696"},"description":"Dans cet article, nous verrons comment identifier et corriger ces mauvaises habitudes, comment choisir un mobilier adapt\u00e9 pour les adolescents, et quelles pratiques simples mettre en place en famille pour pr\u00e9server la sant\u00e9 du dos sur le long terme.","breadcrumb":{"@id":"https:\/\/www.laboutiquedudos.com\/blog\/conseils\/dos-ados-prevenir-mauvaises-habitudes\/#breadcrumb"},"inLanguage":"fr-FR","potentialAction":[{"@type":"ReadAction","target":["https:\/\/www.laboutiquedudos.com\/blog\/conseils\/dos-ados-prevenir-mauvaises-habitudes\/"]}]},{"@type":"ImageObject","inLanguage":"fr-FR","@id":"https:\/\/www.laboutiquedudos.com\/blog\/conseils\/dos-ados-prevenir-mauvaises-habitudes\/#primaryimage","url":"https:\/\/www.laboutiquedudos.com\/blog\/wp-content\/uploads\/2025\/08\/prevenir-mal-dos-ados.png","contentUrl":"https:\/\/www.laboutiquedudos.com\/blog\/wp-content\/uploads\/2025\/08\/prevenir-mal-dos-ados.png","width":1024,"height":1024,"caption":"Ado et mal de dos - Image g\u00e9n\u00e9r\u00e9e par IA"},{"@type":"BreadcrumbList","@id":"https:\/\/www.laboutiquedudos.com\/blog\/conseils\/dos-ados-prevenir-mauvaises-habitudes\/#breadcrumb","itemListElement":[{"@type":"ListItem","position":1,"name":"Accueil","item":"https:\/\/www.laboutiquedudos.com\/blog\/"},{"@type":"ListItem","position":2,"name":"Le dos des ados : pr\u00e9venir t\u00f4t les mauvaises habitudes"}]},{"@type":"WebSite","@id":"https:\/\/www.laboutiquedudos.com\/blog\/#website","url":"https:\/\/www.laboutiquedudos.com\/blog\/","name":"La Boutique du dos - Blog","description":"","potentialAction":[{"@type":"SearchAction","target":{"@type":"EntryPoint","urlTemplate":"https:\/\/www.laboutiquedudos.com\/blog\/?s={search_term_string}"},"query-input":{"@type":"PropertyValueSpecification","valueRequired":true,"valueName":"search_term_string"}}],"inLanguage":"fr-FR"},{"@type":"Person","@id":"https:\/\/www.laboutiquedudos.com\/blog\/#\/schema\/person\/3b5312ded7554ea20fa241ba5b202696","name":"Helene ceciaa.com@gmail.com","image":{"@type":"ImageObject","inLanguage":"fr-FR","@id":"https:\/\/secure.gravatar.com\/avatar\/a21d6fe7e97c7e5e4519261060048daac77a3c9f903386ffe720413c8f2611e0?s=96&d=mm&r=g","url":"https:\/\/secure.gravatar.com\/avatar\/a21d6fe7e97c7e5e4519261060048daac77a3c9f903386ffe720413c8f2611e0?s=96&d=mm&r=g","contentUrl":"https:\/\/secure.gravatar.com\/avatar\/a21d6fe7e97c7e5e4519261060048daac77a3c9f903386ffe720413c8f2611e0?s=96&d=mm&r=g","caption":"Helene ceciaa.com@gmail.com"},"url":"https:\/\/www.laboutiquedudos.com\/blog\/author\/helene\/"}]}},"_links":{"self":[{"href":"https:\/\/www.laboutiquedudos.com\/blog\/wp-json\/wp\/v2\/posts\/1043","targetHints":{"allow":["GET"]}}],"collection":[{"href":"https:\/\/www.laboutiquedudos.com\/blog\/wp-json\/wp\/v2\/posts"}],"about":[{"href":"https:\/\/www.laboutiquedudos.com\/blog\/wp-json\/wp\/v2\/types\/post"}],"author":[{"embeddable":true,"href":"https:\/\/www.laboutiquedudos.com\/blog\/wp-json\/wp\/v2\/users\/14"}],"replies":[{"embeddable":true,"href":"https:\/\/www.laboutiquedudos.com\/blog\/wp-json\/wp\/v2\/comments?post=1043"}],"version-history":[{"count":3,"href":"https:\/\/www.laboutiquedudos.com\/blog\/wp-json\/wp\/v2\/posts\/1043\/revisions"}],"predecessor-version":[{"id":1078,"href":"https:\/\/www.laboutiquedudos.com\/blog\/wp-json\/wp\/v2\/posts\/1043\/revisions\/1078"}],"wp:featuredmedia":[{"embeddable":true,"href":"https:\/\/www.laboutiquedudos.com\/blog\/wp-json\/wp\/v2\/media\/1045"}],"wp:attachment":[{"href":"https:\/\/www.laboutiquedudos.com\/blog\/wp-json\/wp\/v2\/media?parent=1043"}],"wp:term":[{"taxonomy":"category","embeddable":true,"href":"https:\/\/www.laboutiquedudos.com\/blog\/wp-json\/wp\/v2\/categories?post=1043"},{"taxonomy":"post_tag","embeddable":true,"href":"https:\/\/www.laboutiquedudos.com\/blog\/wp-json\/wp\/v2\/tags?post=1043"}],"curies":[{"name":"wp","href":"https:\/\/api.w.org\/{rel}","templated":true}]}}